{"id":4104,"date":"2024-10-25T01:06:54","date_gmt":"2024-10-25T04:06:54","guid":{"rendered":"https:\/\/elconquistadorredloslagos.cl\/test\/?p=4104"},"modified":"2024-10-25T01:06:56","modified_gmt":"2024-10-25T04:06:56","slug":"colegio-san-mateo-se-alza-campeon-nacional-en-los-juegos-deportivos-escolares","status":"publish","type":"post","link":"https:\/\/elconquistadorredloslagos.cl\/test\/blog\/2024\/10\/25\/colegio-san-mateo-se-alza-campeon-nacional-en-los-juegos-deportivos-escolares\/","title":{"rendered":"Colegio San Mateo se alza campe\u00f3n nacional en los Juegos Deportivos Escolares"},"content":{"rendered":"\n<p>Segun Consigna El Diario de Osorno, Tal como aconteci\u00f3 en 2018 y 2019, el Colegio San Mateo de la Compa\u00f1\u00eda de Jes\u00fas volvi\u00f3 a coronarse como campe\u00f3n nacional del b\u00e1squetbol masculino en los Juegos Deportivos Escolares, en su edici\u00f3n de 2024.<\/p>\n\n\n\n<p>En una final no exenta de emociones, el conjunto sanmate\u00edno super\u00f3 al Liceo La Asunci\u00f3n de Talcahuano, representante de la Regi\u00f3n del Biob\u00edo, por un marcador de 56 a 44, marcando un nuevo hito en la historia deportiva regional\u201cPor tercer a\u00f1o participamos de los Juegos Deportivos Escolares, anteriormente en 2018 y 2019 y regresamos en el 2024 con una participaci\u00f3n invicta. Detr\u00e1s de esto, hay un trabajo de esfuerzo y organizaci\u00f3n\u201d, se\u00f1al\u00f3 el entrenador de b\u00e1squetbol y profesor del Colegio San Mateo, Yudi Abreu.\u00a0<\/p>\n\n\n\n<p>\u201cEn todas estas participaciones durante estas tres generaciones prevaleci\u00f3 la preparaci\u00f3n f\u00edsica y el acompa\u00f1amiento. Todo esto fue posible con el apoyo del colegio, el equipo directivo, las familias y la flexibilidad de los profesores. Ahora para el sudamericano, la preparaci\u00f3n ser\u00e1 m\u00e1s ardua con el fin de llevar en alto el nombre de Chile y del Colegio San Mateo\u201d, agreg\u00f3.<\/p>\n\n\n\n<p>\u201cCada proceso es distinto, es nuevo y requiere diferentes desaf\u00edos. Agradezco la colaboraci\u00f3n y el apoyo unido por el desarrollo de los ni\u00f1os en el deporte. Esto es el resultado de un trabajo arduo y planificado, lo importante para nosotros es rescatar el sentido de comunidad y pertenencia lo que nos permiti\u00f3 lograr el objetivo. Representaremos lo mejor posible a nuestro pa\u00eds y nuestro colegio\u201d, expres\u00f3 Carlos D\u00edaz, profesor del establecimiento.<\/p>\n","protected":false},"excerpt":{"rendered":"<p>Segun Consigna El Diario de Osorno, Tal como aconteci\u00f3 en 2018 y 2019, el Colegio San Mateo de la Compa\u00f1\u00eda de Jes\u00fas volvi\u00f3 a coronarse como campe\u00f3n nacional del b\u00e1squetbol..<\/p>\n","protected":false},"author":6,"featured_media":4106,"comment_status":"closed","ping_status":"open","sticky":false,"template":"","format":"standard","meta":{"footnotes":""},"categories":[28],"tags":[],"class_list":["post-4104","post","type-post","status-publish","format-standard","has-post-thumbnail","hentry","category-actual"],"rttpg_featured_image_url":{"full":["https:\/\/elconquistadorredloslagos.cl\/test\/wp-content\/uploads\/2024\/10\/deporte.jpg",1200,719,false],"landscape":["https:\/\/elconquistadorredloslagos.cl\/test\/wp-content\/uploads\/2024\/10\/deporte.jpg",1200,719,false],"portraits":["https:\/\/elconquistadorredloslagos.cl\/test\/wp-content\/uploads\/2024\/10\/deporte.jpg",1200,719,false],"thumbnail":["https:\/\/elconquistadorredloslagos.cl\/test\/wp-content\/uploads\/2024\/10\/deporte-150x150.jpg",150,150,true],"medium":["https:\/\/elconquistadorredloslagos.cl\/test\/wp-content\/uploads\/2024\/10\/deporte-300x180.jpg",300,180,true],"large":["https:\/\/elconquistadorredloslagos.cl\/test\/wp-content\/uploads\/2024\/10\/deporte-1024x614.jpg",1024,614,true],"1536x1536":["https:\/\/elconquistadorredloslagos.cl\/test\/wp-content\/uploads\/2024\/10\/deporte.jpg",1200,719,false],"2048x2048":["https:\/\/elconquistadorredloslagos.cl\/test\/wp-content\/uploads\/2024\/10\/deporte.jpg",1200,719,false]},"rttpg_author":{"display_name":"contactoosorno","author_link":"https:\/\/elconquistadorredloslagos.cl\/test\/blog\/author\/contactoosorno\/"},"rttpg_comment":0,"rttpg_category":"<a href=\"https:\/\/elconquistadorredloslagos.cl\/test\/blog\/category\/actual\/\" rel=\"category tag\">Actualidad<\/a>","rttpg_excerpt":"Segun Consigna El Diario de Osorno, Tal como aconteci\u00f3 en 2018 y 2019, el Colegio San Mateo de la Compa\u00f1\u00eda de Jes\u00fas volvi\u00f3 a coronarse como campe\u00f3n nacional del b\u00e1squetbol..","_links":{"self":[{"href":"https:\/\/elconquistadorredloslagos.cl\/test\/wp-json\/wp\/v2\/posts\/4104","targetHints":{"allow":["GET"]}}],"collection":[{"href":"https:\/\/elconquistadorredloslagos.cl\/test\/wp-json\/wp\/v2\/posts"}],"about":[{"href":"https:\/\/elconquistadorredloslagos.cl\/test\/wp-json\/wp\/v2\/types\/post"}],"author":[{"embeddable":true,"href":"https:\/\/elconquistadorredloslagos.cl\/test\/wp-json\/wp\/v2\/users\/6"}],"replies":[{"embeddable":true,"href":"https:\/\/elconquistadorredloslagos.cl\/test\/wp-json\/wp\/v2\/comments?post=4104"}],"version-history":[{"count":1,"href":"https:\/\/elconquistadorredloslagos.cl\/test\/wp-json\/wp\/v2\/posts\/4104\/revisions"}],"predecessor-version":[{"id":4105,"href":"https:\/\/elconquistadorredloslagos.cl\/test\/wp-json\/wp\/v2\/posts\/4104\/revisions\/4105"}],"wp:featuredmedia":[{"embeddable":true,"href":"https:\/\/elconquistadorredloslagos.cl\/test\/wp-json\/wp\/v2\/media\/4106"}],"wp:attachment":[{"href":"https:\/\/elconquistadorredloslagos.cl\/test\/wp-json\/wp\/v2\/media?parent=4104"}],"wp:term":[{"taxonomy":"category","embeddable":true,"href":"https:\/\/elconquistadorredloslagos.cl\/test\/wp-json\/wp\/v2\/categories?post=4104"},{"taxonomy":"post_tag","embeddable":true,"href":"https:\/\/elconquistadorredloslagos.cl\/test\/wp-json\/wp\/v2\/tags?post=4104"}],"curies":[{"name":"wp","href":"https:\/\/api.w.org\/{rel}","templated":true}]}}