{"id":4095,"date":"2024-10-25T00:26:46","date_gmt":"2024-10-25T03:26:46","guid":{"rendered":"https:\/\/elconquistadorredloslagos.cl\/test\/?p=4095"},"modified":"2024-10-25T00:30:21","modified_gmt":"2024-10-25T03:30:21","slug":"con-un-gran-mujerazo-el-ex-alcalde-jaime-bertin-cerro-su-campana-politica","status":"publish","type":"post","link":"https:\/\/elconquistadorredloslagos.cl\/test\/blog\/2024\/10\/25\/con-un-gran-mujerazo-el-ex-alcalde-jaime-bertin-cerro-su-campana-politica\/","title":{"rendered":"Osorno: Con un gran \u00abMujerazo\u00bb el ex alcalde Jaime Bertin cerr\u00f2 su campa\u00f1a pol\u00ectica"},"content":{"rendered":"\n<p>El candidato independiente a la alcald\u00eda de Osorno, Jaime Bertin Valenzuela, realiz\u00f3 el cierre de su campa\u00f1a en el Colegio Adolfo Kolping, donde agradeci\u00f3 el apoyo recibido de sus seguidores.<\/p>\n\n\n\n<p>El evento, denominado \u201cVamos mujeres por un Osorno mucho mejor\u201d, reuni\u00f3 a cientos de mujeres, as\u00ed como a adherentes y j\u00f3venes simpatizantes. Entre los asistentes se encontraban destacadas dirigentes sociales y vecinales, as\u00ed como profesionales de diversos \u00e1mbitos y colores pol\u00edticos, junto a las integrantes del equipo \u201cJ\u00f3venes por Bertin\u201d.<\/p>\n\n\n\n<p>\u201cEstuvimos compartiendo, escuchando. Fue un encuentro con las mujeres para dar a fin de la campa\u00f1a y lo logramos. Resta estar tranquilos, pero con confianza, porque no hay que perder un minuto de trabajo, pero hay que esperar este resultado. El domingo vamos a estar disfrutando de todo de esto, porque la ciudadan\u00eda nos va a apoyar fuertemente\u201d, manifest\u00f3 el candidato.<\/p>\n\n\n\n<p>En la ocasi\u00f3n, quien fuera intendente por Los Lagos y alcalde de Osorno por tres per\u00edodos consecutivos, Jaime Bertin, agradeci\u00f3 el apoyo recibido durante estos intensos meses de campa\u00f1a. Reconoci\u00f3 que al postularse como independiente, el camino es m\u00e1s dif\u00edcil, pero subray\u00f3 el respaldo desinteresado de cientos de voluntarios.<\/p>\n\n\n\n<p>Frente a ello, Juana Tejeda, dirigente social de la comuna, manifest\u00f3 que \u201ctoda la gente que ama Osorno va a votar por Jaime Bertin, porque ten\u00edamos una ciudad segura, limpia y ordenada. Si bien es cierto \u00e9l no anda tomando onces con las vecinas, se preocupaba por el bienestar de la comunidad. Por esa misma raz\u00f3n, como ex dem\u00f3crata cristiana, estoy con \u00e9l no es porque ya no sea militante, sino porque quiero a mi ciudad. Creo que es la mejor autoridad para que Osorno pueda salir adelante\u201d<\/p>\n\n\n\n<p>El candidato reconoci\u00f3 que muchas personas de la ciudad ofrecieron sus hogares para la instalaci\u00f3n de pancartas y letreros, realizaron recorridos puerta a puerta, y se unieron en una masiva caravana que recorri\u00f3 diversos puntos de la ciudad el pasado s\u00e1bado. Este esfuerzo colectivo, a\u00f1adi\u00f3, refleja el esp\u00edritu de unidad, alegr\u00eda y colaboraci\u00f3n que ha caracterizado la campa\u00f1a en todo este tiempo, especialmente de aquellos que votar\u00e1n por primera vez<\/p>\n\n\n\n<p>Precisamente, Roxana B\u00e1ez, miembro del grupo de J\u00f3venes por Bertin, expres\u00f3 que \u201cquiero dar las gracias a todos los j\u00f3venes que fueron part\u00edcipes en el grupo J\u00f3venes por Bertin, porque confiamos plenamente en que \u00e9l podr\u00e1 sacar adelante proyectos a largo y corto plazo con su sabidur\u00eda y experiencia de tantos a\u00f1os\u201d.<\/p>\n\n\n\n<p><\/p>\n","protected":false},"excerpt":{"rendered":"<p>El candidato independiente a la alcald\u00eda de Osorno, Jaime Bertin Valenzuela, realiz\u00f3 el cierre de su campa\u00f1a en el Colegio Adolfo Kolping, donde agradeci\u00f3 el apoyo recibido de sus seguidores&#8230;<\/p>\n","protected":false},"author":6,"featured_media":4096,"comment_status":"closed","ping_status":"open","sticky":false,"template":"","format":"standard","meta":{"footnotes":""},"categories":[28],"tags":[],"class_list":["post-4095","post","type-post","status-publish","format-standard","has-post-thumbnail","hentry","category-actual"],"rttpg_featured_image_url":{"full":["https:\/\/elconquistadorredloslagos.cl\/test\/wp-content\/uploads\/2024\/10\/FVS_3830-scaled.jpg",2560,1707,false],"landscape":["https:\/\/elconquistadorredloslagos.cl\/test\/wp-content\/uploads\/2024\/10\/FVS_3830-scaled.jpg",2560,1707,false],"portraits":["https:\/\/elconquistadorredloslagos.cl\/test\/wp-content\/uploads\/2024\/10\/FVS_3830-scaled.jpg",2560,1707,false],"thumbnail":["https:\/\/elconquistadorredloslagos.cl\/test\/wp-content\/uploads\/2024\/10\/FVS_3830-150x150.jpg",150,150,true],"medium":["https:\/\/elconquistadorredloslagos.cl\/test\/wp-content\/uploads\/2024\/10\/FVS_3830-300x200.jpg",300,200,true],"large":["https:\/\/elconquistadorredloslagos.cl\/test\/wp-content\/uploads\/2024\/10\/FVS_3830-1024x683.jpg",1024,683,true],"1536x1536":["https:\/\/elconquistadorredloslagos.cl\/test\/wp-content\/uploads\/2024\/10\/FVS_3830-1536x1024.jpg",1536,1024,true],"2048x2048":["https:\/\/elconquistadorredloslagos.cl\/test\/wp-content\/uploads\/2024\/10\/FVS_3830-2048x1365.jpg",2048,1365,true]},"rttpg_author":{"display_name":"contactoosorno","author_link":"https:\/\/elconquistadorredloslagos.cl\/test\/blog\/author\/contactoosorno\/"},"rttpg_comment":0,"rttpg_category":"<a href=\"https:\/\/elconquistadorredloslagos.cl\/test\/blog\/category\/actual\/\" rel=\"category tag\">Actualidad<\/a>","rttpg_excerpt":"El candidato independiente a la alcald\u00eda de Osorno, Jaime Bertin Valenzuela, realiz\u00f3 el cierre de su campa\u00f1a en el Colegio Adolfo Kolping, donde agradeci\u00f3 el apoyo recibido de sus seguidores...","_links":{"self":[{"href":"https:\/\/elconquistadorredloslagos.cl\/test\/wp-json\/wp\/v2\/posts\/4095","targetHints":{"allow":["GET"]}}],"collection":[{"href":"https:\/\/elconquistadorredloslagos.cl\/test\/wp-json\/wp\/v2\/posts"}],"about":[{"href":"https:\/\/elconquistadorredloslagos.cl\/test\/wp-json\/wp\/v2\/types\/post"}],"author":[{"embeddable":true,"href":"https:\/\/elconquistadorredloslagos.cl\/test\/wp-json\/wp\/v2\/users\/6"}],"replies":[{"embeddable":true,"href":"https:\/\/elconquistadorredloslagos.cl\/test\/wp-json\/wp\/v2\/comments?post=4095"}],"version-history":[{"count":2,"href":"https:\/\/elconquistadorredloslagos.cl\/test\/wp-json\/wp\/v2\/posts\/4095\/revisions"}],"predecessor-version":[{"id":4098,"href":"https:\/\/elconquistadorredloslagos.cl\/test\/wp-json\/wp\/v2\/posts\/4095\/revisions\/4098"}],"wp:featuredmedia":[{"embeddable":true,"href":"https:\/\/elconquistadorredloslagos.cl\/test\/wp-json\/wp\/v2\/media\/4096"}],"wp:attachment":[{"href":"https:\/\/elconquistadorredloslagos.cl\/test\/wp-json\/wp\/v2\/media?parent=4095"}],"wp:term":[{"taxonomy":"category","embeddable":true,"href":"https:\/\/elconquistadorredloslagos.cl\/test\/wp-json\/wp\/v2\/categories?post=4095"},{"taxonomy":"post_tag","embeddable":true,"href":"https:\/\/elconquistadorredloslagos.cl\/test\/wp-json\/wp\/v2\/tags?post=4095"}],"curies":[{"name":"wp","href":"https:\/\/api.w.org\/{rel}","templated":true}]}}