{"id":4084,"date":"2024-10-24T16:34:17","date_gmt":"2024-10-24T19:34:17","guid":{"rendered":"https:\/\/elconquistadorredloslagos.cl\/test\/?p=4084"},"modified":"2024-10-24T16:34:18","modified_gmt":"2024-10-24T19:34:18","slug":"autoridades-recorren-obras-de-cultura-en-puqueldon","status":"publish","type":"post","link":"https:\/\/elconquistadorredloslagos.cl\/test\/blog\/2024\/10\/24\/autoridades-recorren-obras-de-cultura-en-puqueldon\/","title":{"rendered":"Autoridades recorren obras de cultura en Puqueld\u00f3n"},"content":{"rendered":"\n<p>Delegado Presidencial Provincial de Chilo\u00e9, Marcelo Malague\u00f1o; la Subsecretaria de las Culturas y las Artes, Noela Salas; la Seremi de las Artes, Cultura y Patrimonio, Cristina A\u00f1azco y el equipo de la municipalidad de Puqueld\u00f3n hicieron recorrido a dos proyectos emblem\u00e1ticos para la comuna, la primera el Centro Cultural y la Casa de la Memoria Rural.<\/p>\n\n\n\n<p>El futuro Centro Cultural de Puqueld\u00f3n se desarrollar\u00e1 con el objetivo de garantizar el acceso inclusivo y equitativo a una amplia gama de experiencias culturales, alineado con su misi\u00f3n de promover el desarrollo art\u00edstico, educativo y social de la comuna. Este centro se proyecta como un espacio estrat\u00e9gico para fomentar la participaci\u00f3n cultural en todos los sectores de la poblaci\u00f3n.<\/p>\n\n\n\n<p>El edificio contar\u00e1 con una superficie aproximada de 800 m\u00b2 construidos, distribuidos en \u00e1reas clave para la formaci\u00f3n y la presentaci\u00f3n art\u00edstica. Incluir\u00e1 un taller de danza, un taller de artes visuales y un taller de m\u00fasica, cada uno dise\u00f1ado para ofrecer talleres formativos de manera semanal. Asimismo, dispondr\u00e1 de un auditorio con capacidad para 110 butacas, que ser\u00e1 el escenario de una programaci\u00f3n cultural diversa, abarcando obras de teatro, ciclos de cine, conciertos, festividades comunales, concursos de cueca, entre otras actividades relevantes para la comunidad.<\/p>\n","protected":false},"excerpt":{"rendered":"<p>Delegado Presidencial Provincial de Chilo\u00e9, Marcelo Malague\u00f1o; la Subsecretaria de las Culturas y las Artes, Noela Salas; la Seremi de las Artes, Cultura y Patrimonio, Cristina A\u00f1azco y el equipo..<\/p>\n","protected":false},"author":2,"featured_media":4085,"comment_status":"closed","ping_status":"open","sticky":false,"template":"","format":"standard","meta":{"footnotes":""},"categories":[1,28],"tags":[],"class_list":["post-4084","post","type-post","status-publish","format-standard","has-post-thumbnail","hentry","category-acontecer","category-actual"],"rttpg_featured_image_url":{"full":["https:\/\/elconquistadorredloslagos.cl\/test\/wp-content\/uploads\/2024\/10\/WhatsApp-Image-2024-10-24-at-09.52.34.jpeg",1600,1067,false],"landscape":["https:\/\/elconquistadorredloslagos.cl\/test\/wp-content\/uploads\/2024\/10\/WhatsApp-Image-2024-10-24-at-09.52.34.jpeg",1600,1067,false],"portraits":["https:\/\/elconquistadorredloslagos.cl\/test\/wp-content\/uploads\/2024\/10\/WhatsApp-Image-2024-10-24-at-09.52.34.jpeg",1600,1067,false],"thumbnail":["https:\/\/elconquistadorredloslagos.cl\/test\/wp-content\/uploads\/2024\/10\/WhatsApp-Image-2024-10-24-at-09.52.34-150x150.jpeg",150,150,true],"medium":["https:\/\/elconquistadorredloslagos.cl\/test\/wp-content\/uploads\/2024\/10\/WhatsApp-Image-2024-10-24-at-09.52.34-300x200.jpeg",300,200,true],"large":["https:\/\/elconquistadorredloslagos.cl\/test\/wp-content\/uploads\/2024\/10\/WhatsApp-Image-2024-10-24-at-09.52.34-1024x683.jpeg",1024,683,true],"1536x1536":["https:\/\/elconquistadorredloslagos.cl\/test\/wp-content\/uploads\/2024\/10\/WhatsApp-Image-2024-10-24-at-09.52.34-1536x1024.jpeg",1536,1024,true],"2048x2048":["https:\/\/elconquistadorredloslagos.cl\/test\/wp-content\/uploads\/2024\/10\/WhatsApp-Image-2024-10-24-at-09.52.34.jpeg",1600,1067,false]},"rttpg_author":{"display_name":"ccardenas","author_link":"https:\/\/elconquistadorredloslagos.cl\/test\/blog\/author\/ccardenas\/"},"rttpg_comment":0,"rttpg_category":"<a href=\"https:\/\/elconquistadorredloslagos.cl\/test\/blog\/category\/actual\/acontecer\/\" rel=\"category tag\">Acontecer<\/a> <a href=\"https:\/\/elconquistadorredloslagos.cl\/test\/blog\/category\/actual\/\" rel=\"category tag\">Actualidad<\/a>","rttpg_excerpt":"Delegado Presidencial Provincial de Chilo\u00e9, Marcelo Malague\u00f1o; la Subsecretaria de las Culturas y las Artes, Noela Salas; la Seremi de las Artes, Cultura y Patrimonio, Cristina A\u00f1azco y el equipo..","_links":{"self":[{"href":"https:\/\/elconquistadorredloslagos.cl\/test\/wp-json\/wp\/v2\/posts\/4084","targetHints":{"allow":["GET"]}}],"collection":[{"href":"https:\/\/elconquistadorredloslagos.cl\/test\/wp-json\/wp\/v2\/posts"}],"about":[{"href":"https:\/\/elconquistadorredloslagos.cl\/test\/wp-json\/wp\/v2\/types\/post"}],"author":[{"embeddable":true,"href":"https:\/\/elconquistadorredloslagos.cl\/test\/wp-json\/wp\/v2\/users\/2"}],"replies":[{"embeddable":true,"href":"https:\/\/elconquistadorredloslagos.cl\/test\/wp-json\/wp\/v2\/comments?post=4084"}],"version-history":[{"count":1,"href":"https:\/\/elconquistadorredloslagos.cl\/test\/wp-json\/wp\/v2\/posts\/4084\/revisions"}],"predecessor-version":[{"id":4086,"href":"https:\/\/elconquistadorredloslagos.cl\/test\/wp-json\/wp\/v2\/posts\/4084\/revisions\/4086"}],"wp:featuredmedia":[{"embeddable":true,"href":"https:\/\/elconquistadorredloslagos.cl\/test\/wp-json\/wp\/v2\/media\/4085"}],"wp:attachment":[{"href":"https:\/\/elconquistadorredloslagos.cl\/test\/wp-json\/wp\/v2\/media?parent=4084"}],"wp:term":[{"taxonomy":"category","embeddable":true,"href":"https:\/\/elconquistadorredloslagos.cl\/test\/wp-json\/wp\/v2\/categories?post=4084"},{"taxonomy":"post_tag","embeddable":true,"href":"https:\/\/elconquistadorredloslagos.cl\/test\/wp-json\/wp\/v2\/tags?post=4084"}],"curies":[{"name":"wp","href":"https:\/\/api.w.org\/{rel}","templated":true}]}}