{"id":4060,"date":"2024-10-24T12:10:48","date_gmt":"2024-10-24T15:10:48","guid":{"rendered":"https:\/\/elconquistadorredloslagos.cl\/test\/?p=4060"},"modified":"2024-10-24T12:10:48","modified_gmt":"2024-10-24T15:10:48","slug":"archipielago-de-quinchao-constituye-su-comite-de-trabajo-territorial","status":"publish","type":"post","link":"https:\/\/elconquistadorredloslagos.cl\/test\/blog\/2024\/10\/24\/archipielago-de-quinchao-constituye-su-comite-de-trabajo-territorial\/","title":{"rendered":"Archipi\u00e9lago de Quinchao constituye su Comit\u00e9 de Trabajo Territorial"},"content":{"rendered":"\n<p>Hasta el hospital Comunitario de Achao llegaron los asesores t\u00e9cnicos y referentes del Servicio de Salud Chilo\u00e9, la enfermera jefa de la subdirecci\u00f3n de Gesti\u00f3n Cl\u00ednica, Adriana Guerra, y el jefe de Inteligencia Sanitaria, el ingeniero Claudio C\u00e1rdenas, para trabajar con los equipos en la formulaci\u00f3n y elaboraci\u00f3n del Plan Bianual que realizar\u00e1 el Comit\u00e9 de Trabajo Territorial de las comunas de Quinchao y Curaco de V\u00e9lez. <\/p>\n\n\n\n<p>Una activa participaci\u00f3n tuvieron los representantes de la comunidad organizada, los integrantes del comit\u00e9 de Atenci\u00f3n Primaria de Salud y Hospital de Achao, quienes identificaron los nos cr\u00edticos a abordar para impactar en las pol\u00edticas salud p\u00fablica a implementar en el archipi\u00e9lago de Quinchao, para lo cual se comprometi\u00f3 realizar el levantamiento y sistematizaci\u00f3n de la informaci\u00f3n para plasmarlo en el plan de trabajo.<\/p>\n","protected":false},"excerpt":{"rendered":"<p>Hasta el hospital Comunitario de Achao llegaron los asesores t\u00e9cnicos y referentes del Servicio de Salud Chilo\u00e9, la enfermera jefa de la subdirecci\u00f3n de Gesti\u00f3n Cl\u00ednica, Adriana Guerra, y el..<\/p>\n","protected":false},"author":2,"featured_media":4061,"comment_status":"closed","ping_status":"open","sticky":false,"template":"","format":"standard","meta":{"footnotes":""},"categories":[1,28],"tags":[],"class_list":["post-4060","post","type-post","status-publish","format-standard","has-post-thumbnail","hentry","category-acontecer","category-actual"],"rttpg_featured_image_url":{"full":["https:\/\/elconquistadorredloslagos.cl\/test\/wp-content\/uploads\/2024\/10\/WhatsApp-Image-2024-10-24-at-12.09.14.jpeg",660,350,false],"landscape":["https:\/\/elconquistadorredloslagos.cl\/test\/wp-content\/uploads\/2024\/10\/WhatsApp-Image-2024-10-24-at-12.09.14.jpeg",660,350,false],"portraits":["https:\/\/elconquistadorredloslagos.cl\/test\/wp-content\/uploads\/2024\/10\/WhatsApp-Image-2024-10-24-at-12.09.14.jpeg",660,350,false],"thumbnail":["https:\/\/elconquistadorredloslagos.cl\/test\/wp-content\/uploads\/2024\/10\/WhatsApp-Image-2024-10-24-at-12.09.14-150x150.jpeg",150,150,true],"medium":["https:\/\/elconquistadorredloslagos.cl\/test\/wp-content\/uploads\/2024\/10\/WhatsApp-Image-2024-10-24-at-12.09.14-300x159.jpeg",300,159,true],"large":["https:\/\/elconquistadorredloslagos.cl\/test\/wp-content\/uploads\/2024\/10\/WhatsApp-Image-2024-10-24-at-12.09.14.jpeg",660,350,false],"1536x1536":["https:\/\/elconquistadorredloslagos.cl\/test\/wp-content\/uploads\/2024\/10\/WhatsApp-Image-2024-10-24-at-12.09.14.jpeg",660,350,false],"2048x2048":["https:\/\/elconquistadorredloslagos.cl\/test\/wp-content\/uploads\/2024\/10\/WhatsApp-Image-2024-10-24-at-12.09.14.jpeg",660,350,false]},"rttpg_author":{"display_name":"ccardenas","author_link":"https:\/\/elconquistadorredloslagos.cl\/test\/blog\/author\/ccardenas\/"},"rttpg_comment":0,"rttpg_category":"<a href=\"https:\/\/elconquistadorredloslagos.cl\/test\/blog\/category\/actual\/acontecer\/\" rel=\"category tag\">Acontecer<\/a> <a href=\"https:\/\/elconquistadorredloslagos.cl\/test\/blog\/category\/actual\/\" rel=\"category tag\">Actualidad<\/a>","rttpg_excerpt":"Hasta el hospital Comunitario de Achao llegaron los asesores t\u00e9cnicos y referentes del Servicio de Salud Chilo\u00e9, la enfermera jefa de la subdirecci\u00f3n de Gesti\u00f3n Cl\u00ednica, Adriana Guerra, y el..","_links":{"self":[{"href":"https:\/\/elconquistadorredloslagos.cl\/test\/wp-json\/wp\/v2\/posts\/4060","targetHints":{"allow":["GET"]}}],"collection":[{"href":"https:\/\/elconquistadorredloslagos.cl\/test\/wp-json\/wp\/v2\/posts"}],"about":[{"href":"https:\/\/elconquistadorredloslagos.cl\/test\/wp-json\/wp\/v2\/types\/post"}],"author":[{"embeddable":true,"href":"https:\/\/elconquistadorredloslagos.cl\/test\/wp-json\/wp\/v2\/users\/2"}],"replies":[{"embeddable":true,"href":"https:\/\/elconquistadorredloslagos.cl\/test\/wp-json\/wp\/v2\/comments?post=4060"}],"version-history":[{"count":1,"href":"https:\/\/elconquistadorredloslagos.cl\/test\/wp-json\/wp\/v2\/posts\/4060\/revisions"}],"predecessor-version":[{"id":4062,"href":"https:\/\/elconquistadorredloslagos.cl\/test\/wp-json\/wp\/v2\/posts\/4060\/revisions\/4062"}],"wp:featuredmedia":[{"embeddable":true,"href":"https:\/\/elconquistadorredloslagos.cl\/test\/wp-json\/wp\/v2\/media\/4061"}],"wp:attachment":[{"href":"https:\/\/elconquistadorredloslagos.cl\/test\/wp-json\/wp\/v2\/media?parent=4060"}],"wp:term":[{"taxonomy":"category","embeddable":true,"href":"https:\/\/elconquistadorredloslagos.cl\/test\/wp-json\/wp\/v2\/categories?post=4060"},{"taxonomy":"post_tag","embeddable":true,"href":"https:\/\/elconquistadorredloslagos.cl\/test\/wp-json\/wp\/v2\/tags?post=4060"}],"curies":[{"name":"wp","href":"https:\/\/api.w.org\/{rel}","templated":true}]}}