{"id":4054,"date":"2024-10-24T11:57:36","date_gmt":"2024-10-24T14:57:36","guid":{"rendered":"https:\/\/elconquistadorredloslagos.cl\/test\/?p=4054"},"modified":"2024-10-24T11:57:36","modified_gmt":"2024-10-24T14:57:36","slug":"deportistas-de-osorno-y-puerto-montt-participaron-activamente-en-el-encuentro-activa-tu-primavera","status":"publish","type":"post","link":"https:\/\/elconquistadorredloslagos.cl\/test\/blog\/2024\/10\/24\/deportistas-de-osorno-y-puerto-montt-participaron-activamente-en-el-encuentro-activa-tu-primavera\/","title":{"rendered":"Deportistas de Osorno y Puerto Montt participaron activamente en el encuentro \u201cActiva tu Primavera\u201d"},"content":{"rendered":"\n<p>Familias de Osorno y Puerto Montt disfrutaron de las actividades deportivas y recreativas, preparadas por el Mindep IND, a trav\u00e9s del encuentro \u201cActiva tu Primavera\u201d.<\/p>\n\n\n\n<p>En Osorno se efectuaron diversas actividades bajo el programa \u201cCrecer en Movimiento\u201d, tales como, baile entretenido infantil, pinta caritas, estaciones de circuitos motrices, juegos, concursos, yoga infantil y encuentros amistosos de v\u00f3leibol, b\u00e1squetbol y futsal. Mientras que en Puerto Montt, se desarrollaron actividades recreativas del programa \u201cDeporte y Participaci\u00f3n Social\u201d, como talleres para personas mayores, hiit, zumba, yoga, patinaje y boxeo.<\/p>\n\n\n\n<p>La Delegada Presidencial Provincial de Osorno, Claudia Pailalef, destac\u00f3 este encuentro mencionando que \u201cNos encontramos ac\u00e1 acompa\u00f1ando al equipo de la Serem\u00eda del Deporte e Instituto Nacional de Deportes, compartiendo con ni\u00f1os, ni\u00f1as y adolescentes en una actividad especial, a un a\u00f1o de la realizaci\u00f3n de los Juegos Panamericanos, entendiendo que para el Gobierno del Presidente Gabriel Boric, es una tarea fundamental impulsar el deporte y la actividad f\u00edsica para mantener el cuerpo sano y a las personas ocupadas y alejadas de situaciones complejas, como el consumo del alcohol y drogas\u201d.<\/p>\n\n\n\n<p>En tanto, la Seremi del Deporte, Carolina Urrutia Soto, se\u00f1al\u00f3 que \u201cEstamos en el gimnasio Fiscal de Rahue celebrando un a\u00f1o de los Juegos Panamericanos y Parapanamericanos, con un encuentro denominado \u201cActiva tu Primavera 2024\u201d, donde ni\u00f1os y ni\u00f1as de los talleres del programa \u201cCrecer en Movimiento\u201d disfrutaron de la actividad f\u00edsica y el deporte, realizando un poco de yoga, ahora viene el v\u00f3leibol y un rato m\u00e1s b\u00e1squetbol y futsal. Sabemos la importancia de lo que causa el deporte y la actividad f\u00edsica en las personas, que hoy podemos constatar, vi\u00e9ndolos participar en los encuentros programados en Osorno y en Puerto Montt\u201d.<\/p>\n","protected":false},"excerpt":{"rendered":"<p>Familias de Osorno y Puerto Montt disfrutaron de las actividades deportivas y recreativas, preparadas por el Mindep IND, a trav\u00e9s del encuentro \u201cActiva tu Primavera\u201d. En Osorno se efectuaron diversas..<\/p>\n","protected":false},"author":2,"featured_media":4055,"comment_status":"closed","ping_status":"open","sticky":false,"template":"","format":"standard","meta":{"footnotes":""},"categories":[1,28],"tags":[],"class_list":["post-4054","post","type-post","status-publish","format-standard","has-post-thumbnail","hentry","category-acontecer","category-actual"],"rttpg_featured_image_url":{"full":["https:\/\/elconquistadorredloslagos.cl\/test\/wp-content\/uploads\/2024\/10\/IMG_9419-scaled.jpg",2560,1707,false],"landscape":["https:\/\/elconquistadorredloslagos.cl\/test\/wp-content\/uploads\/2024\/10\/IMG_9419-scaled.jpg",2560,1707,false],"portraits":["https:\/\/elconquistadorredloslagos.cl\/test\/wp-content\/uploads\/2024\/10\/IMG_9419-scaled.jpg",2560,1707,false],"thumbnail":["https:\/\/elconquistadorredloslagos.cl\/test\/wp-content\/uploads\/2024\/10\/IMG_9419-150x150.jpg",150,150,true],"medium":["https:\/\/elconquistadorredloslagos.cl\/test\/wp-content\/uploads\/2024\/10\/IMG_9419-300x200.jpg",300,200,true],"large":["https:\/\/elconquistadorredloslagos.cl\/test\/wp-content\/uploads\/2024\/10\/IMG_9419-1024x683.jpg",1024,683,true],"1536x1536":["https:\/\/elconquistadorredloslagos.cl\/test\/wp-content\/uploads\/2024\/10\/IMG_9419-1536x1024.jpg",1536,1024,true],"2048x2048":["https:\/\/elconquistadorredloslagos.cl\/test\/wp-content\/uploads\/2024\/10\/IMG_9419-2048x1365.jpg",2048,1365,true]},"rttpg_author":{"display_name":"ccardenas","author_link":"https:\/\/elconquistadorredloslagos.cl\/test\/blog\/author\/ccardenas\/"},"rttpg_comment":0,"rttpg_category":"<a href=\"https:\/\/elconquistadorredloslagos.cl\/test\/blog\/category\/actual\/acontecer\/\" rel=\"category tag\">Acontecer<\/a> <a href=\"https:\/\/elconquistadorredloslagos.cl\/test\/blog\/category\/actual\/\" rel=\"category tag\">Actualidad<\/a>","rttpg_excerpt":"Familias de Osorno y Puerto Montt disfrutaron de las actividades deportivas y recreativas, preparadas por el Mindep IND, a trav\u00e9s del encuentro \u201cActiva tu Primavera\u201d. En Osorno se efectuaron diversas..","_links":{"self":[{"href":"https:\/\/elconquistadorredloslagos.cl\/test\/wp-json\/wp\/v2\/posts\/4054","targetHints":{"allow":["GET"]}}],"collection":[{"href":"https:\/\/elconquistadorredloslagos.cl\/test\/wp-json\/wp\/v2\/posts"}],"about":[{"href":"https:\/\/elconquistadorredloslagos.cl\/test\/wp-json\/wp\/v2\/types\/post"}],"author":[{"embeddable":true,"href":"https:\/\/elconquistadorredloslagos.cl\/test\/wp-json\/wp\/v2\/users\/2"}],"replies":[{"embeddable":true,"href":"https:\/\/elconquistadorredloslagos.cl\/test\/wp-json\/wp\/v2\/comments?post=4054"}],"version-history":[{"count":1,"href":"https:\/\/elconquistadorredloslagos.cl\/test\/wp-json\/wp\/v2\/posts\/4054\/revisions"}],"predecessor-version":[{"id":4056,"href":"https:\/\/elconquistadorredloslagos.cl\/test\/wp-json\/wp\/v2\/posts\/4054\/revisions\/4056"}],"wp:featuredmedia":[{"embeddable":true,"href":"https:\/\/elconquistadorredloslagos.cl\/test\/wp-json\/wp\/v2\/media\/4055"}],"wp:attachment":[{"href":"https:\/\/elconquistadorredloslagos.cl\/test\/wp-json\/wp\/v2\/media?parent=4054"}],"wp:term":[{"taxonomy":"category","embeddable":true,"href":"https:\/\/elconquistadorredloslagos.cl\/test\/wp-json\/wp\/v2\/categories?post=4054"},{"taxonomy":"post_tag","embeddable":true,"href":"https:\/\/elconquistadorredloslagos.cl\/test\/wp-json\/wp\/v2\/tags?post=4054"}],"curies":[{"name":"wp","href":"https:\/\/api.w.org\/{rel}","templated":true}]}}