{"id":4042,"date":"2024-10-24T09:34:05","date_gmt":"2024-10-24T12:34:05","guid":{"rendered":"https:\/\/elconquistadorredloslagos.cl\/test\/?p=4042"},"modified":"2024-10-24T09:34:06","modified_gmt":"2024-10-24T12:34:06","slug":"juzgado-de-puerto-montt-ordena-la-prision-preventiva-de-imputado-por-fraude-lavado-de-activos-incremento-patrimonial-y-cohecho","status":"publish","type":"post","link":"https:\/\/elconquistadorredloslagos.cl\/test\/blog\/2024\/10\/24\/juzgado-de-puerto-montt-ordena-la-prision-preventiva-de-imputado-por-fraude-lavado-de-activos-incremento-patrimonial-y-cohecho\/","title":{"rendered":"Juzgado de Puerto Montt ordena la prisi\u00f3n preventiva de imputado por fraude, lavado de activos, incremento patrimonial y cohecho"},"content":{"rendered":"\n<p>El Juzgado de Garant\u00eda de Puerto Montt dej\u00f3 hoy \u2013mi\u00e9rcoles 23 de octubre\u2013 sujeto a la medida cautelar de prisi\u00f3n preventiva al ex alcalde de la comuna Gervoy Amador Paredes Rojas, imputado por el Ministerio P\u00fablico como autor de los delitos consumados de fraude al fisco, lavado de activos, incremento patrimonial injustificado y cohecho.<\/p>\n\n\n\n<p>En la audiencia de formalizaci\u00f3n (causa rol 5.828-2022) el magistrado Miguel Garc\u00eda Herrera orden\u00f3 el ingreso en prisi\u00f3n de Paredes Rojas por considerar que la libertad del imputado constituye un peligro para la seguridad de la sociedad y para el \u00e9xito de diligencias pendientes; m\u00e1s la pluralidad de delitos y penas a que se expone. Adem\u00e1s, fij\u00f3 en seis meses el plazo de investigaci\u00f3n.<\/p>\n\n\n\n<p>En la causa, el tribunal decret\u00f3 las medidas cautelares de arresto domiciliario total y arraigo nacional de los coimputados, el director de concesiones del municipio Carlos Soto Ojeda y el jefe de la empresa encargada de \u00e1reas verdes Carlos Parrao Aqueveque.<\/p>\n","protected":false},"excerpt":{"rendered":"<p>El Juzgado de Garant\u00eda de Puerto Montt dej\u00f3 hoy \u2013mi\u00e9rcoles 23 de octubre\u2013 sujeto a la medida cautelar de prisi\u00f3n preventiva al ex alcalde de la comuna Gervoy Amador Paredes..<\/p>\n","protected":false},"author":2,"featured_media":4043,"comment_status":"closed","ping_status":"open","sticky":false,"template":"","format":"standard","meta":{"footnotes":""},"categories":[1,28],"tags":[],"class_list":["post-4042","post","type-post","status-publish","format-standard","has-post-thumbnail","hentry","category-acontecer","category-actual"],"rttpg_featured_image_url":{"full":["https:\/\/elconquistadorredloslagos.cl\/test\/wp-content\/uploads\/2024\/10\/Juzgado-de-Garantia-de-Puerto-Montt-scaled.jpg",2560,1438,false],"landscape":["https:\/\/elconquistadorredloslagos.cl\/test\/wp-content\/uploads\/2024\/10\/Juzgado-de-Garantia-de-Puerto-Montt-scaled.jpg",2560,1438,false],"portraits":["https:\/\/elconquistadorredloslagos.cl\/test\/wp-content\/uploads\/2024\/10\/Juzgado-de-Garantia-de-Puerto-Montt-scaled.jpg",2560,1438,false],"thumbnail":["https:\/\/elconquistadorredloslagos.cl\/test\/wp-content\/uploads\/2024\/10\/Juzgado-de-Garantia-de-Puerto-Montt-150x150.jpg",150,150,true],"medium":["https:\/\/elconquistadorredloslagos.cl\/test\/wp-content\/uploads\/2024\/10\/Juzgado-de-Garantia-de-Puerto-Montt-300x169.jpg",300,169,true],"large":["https:\/\/elconquistadorredloslagos.cl\/test\/wp-content\/uploads\/2024\/10\/Juzgado-de-Garantia-de-Puerto-Montt-1024x575.jpg",1024,575,true],"1536x1536":["https:\/\/elconquistadorredloslagos.cl\/test\/wp-content\/uploads\/2024\/10\/Juzgado-de-Garantia-de-Puerto-Montt-1536x863.jpg",1536,863,true],"2048x2048":["https:\/\/elconquistadorredloslagos.cl\/test\/wp-content\/uploads\/2024\/10\/Juzgado-de-Garantia-de-Puerto-Montt-2048x1151.jpg",2048,1151,true]},"rttpg_author":{"display_name":"ccardenas","author_link":"https:\/\/elconquistadorredloslagos.cl\/test\/blog\/author\/ccardenas\/"},"rttpg_comment":0,"rttpg_category":"<a href=\"https:\/\/elconquistadorredloslagos.cl\/test\/blog\/category\/actual\/acontecer\/\" rel=\"category tag\">Acontecer<\/a> <a href=\"https:\/\/elconquistadorredloslagos.cl\/test\/blog\/category\/actual\/\" rel=\"category tag\">Actualidad<\/a>","rttpg_excerpt":"El Juzgado de Garant\u00eda de Puerto Montt dej\u00f3 hoy \u2013mi\u00e9rcoles 23 de octubre\u2013 sujeto a la medida cautelar de prisi\u00f3n preventiva al ex alcalde de la comuna Gervoy Amador Paredes..","_links":{"self":[{"href":"https:\/\/elconquistadorredloslagos.cl\/test\/wp-json\/wp\/v2\/posts\/4042","targetHints":{"allow":["GET"]}}],"collection":[{"href":"https:\/\/elconquistadorredloslagos.cl\/test\/wp-json\/wp\/v2\/posts"}],"about":[{"href":"https:\/\/elconquistadorredloslagos.cl\/test\/wp-json\/wp\/v2\/types\/post"}],"author":[{"embeddable":true,"href":"https:\/\/elconquistadorredloslagos.cl\/test\/wp-json\/wp\/v2\/users\/2"}],"replies":[{"embeddable":true,"href":"https:\/\/elconquistadorredloslagos.cl\/test\/wp-json\/wp\/v2\/comments?post=4042"}],"version-history":[{"count":1,"href":"https:\/\/elconquistadorredloslagos.cl\/test\/wp-json\/wp\/v2\/posts\/4042\/revisions"}],"predecessor-version":[{"id":4044,"href":"https:\/\/elconquistadorredloslagos.cl\/test\/wp-json\/wp\/v2\/posts\/4042\/revisions\/4044"}],"wp:featuredmedia":[{"embeddable":true,"href":"https:\/\/elconquistadorredloslagos.cl\/test\/wp-json\/wp\/v2\/media\/4043"}],"wp:attachment":[{"href":"https:\/\/elconquistadorredloslagos.cl\/test\/wp-json\/wp\/v2\/media?parent=4042"}],"wp:term":[{"taxonomy":"category","embeddable":true,"href":"https:\/\/elconquistadorredloslagos.cl\/test\/wp-json\/wp\/v2\/categories?post=4042"},{"taxonomy":"post_tag","embeddable":true,"href":"https:\/\/elconquistadorredloslagos.cl\/test\/wp-json\/wp\/v2\/tags?post=4042"}],"curies":[{"name":"wp","href":"https:\/\/api.w.org\/{rel}","templated":true}]}}