{"id":4033,"date":"2024-10-23T11:00:48","date_gmt":"2024-10-23T14:00:48","guid":{"rendered":"https:\/\/elconquistadorredloslagos.cl\/test\/?p=4033"},"modified":"2024-10-23T11:00:49","modified_gmt":"2024-10-23T14:00:49","slug":"autoridades-afinan-detalles-para-despliegue-ante-elecciones-municipales-y-regionales","status":"publish","type":"post","link":"https:\/\/elconquistadorredloslagos.cl\/test\/blog\/2024\/10\/23\/autoridades-afinan-detalles-para-despliegue-ante-elecciones-municipales-y-regionales\/","title":{"rendered":"Autoridades afinan detalles para despliegue ante elecciones municipales y regionales"},"content":{"rendered":"\n<p>A pocos d\u00edas de la doble jornada electoral con voto obligatorio del 26 y 27 de octubre, la Delegada Presidencial Regional de Los Lagos, Giovanna Moreira, junto al Jefe de Fuerza para la Regi\u00f3n de Los Lagos, General de Brigada A\u00e9rea (A) Ra\u00fal Mera, y el Director Regional del Servel, Ren\u00e9 Schmidt; encabezaron la segunda sesi\u00f3n de la mesa de coordinaci\u00f3n que busca garantizar la seguridad y el correcto desarrollo de los comicios.<\/p>\n\n\n\n<p>En la instancia tambi\u00e9n participaron las y los seremis de Transportes, Salud, Mujer, Obras P\u00fablicas, Trabajo, adem\u00e1s de representantes de la Subsecretar\u00eda de Prevenci\u00f3n del Delito, Senapred, Carabineros de Chile, Polic\u00eda de Investigaciones, Gendarmer\u00eda, Armada y Ej\u00e9rcito.<\/p>\n\n\n\n<p>Tras la reuni\u00f3n, la Delegada Presidencial Regional asever\u00f3 que \u201cla participaci\u00f3n es fundamental para fortalecer nuestra democracia y es por ello que estamos realizando todas las articulaciones y gestiones de las distintas instituciones del Estado para asegurar que este 26 y 27 de octubre se realicen unas elecciones regionales y municipales de forma tranquila y segura\u201d.<\/p>\n\n\n\n<p>\u201cEs importante se\u00f1alar que en la Regi\u00f3n de Los Lagos contaremos con 206 locales de votaci\u00f3n, 33 de estos son de dif\u00edcil acceso pero tanto las Fuerzas Armadas como nuestras polic\u00edas est\u00e1n trabajando para poder resguardar estos lugares. Adem\u00e1s de eso estamos desplegando toda una estrategia de seguridad donde tendremos, adem\u00e1s de nuestras polic\u00edas en cada uno de los locales de votaci\u00f3n, resguardando las calles y generando las estrategias de seguridad que corresponden con patrullaje en distintos puntos\u201d, agreg\u00f3 la autoridad.<\/p>\n","protected":false},"excerpt":{"rendered":"<p>A pocos d\u00edas de la doble jornada electoral con voto obligatorio del 26 y 27 de octubre, la Delegada Presidencial Regional de Los Lagos, Giovanna Moreira, junto al Jefe de..<\/p>\n","protected":false},"author":2,"featured_media":4034,"comment_status":"closed","ping_status":"open","sticky":false,"template":"","format":"standard","meta":{"footnotes":""},"categories":[1,28],"tags":[],"class_list":["post-4033","post","type-post","status-publish","format-standard","has-post-thumbnail","hentry","category-acontecer","category-actual"],"rttpg_featured_image_url":{"full":["https:\/\/elconquistadorredloslagos.cl\/test\/wp-content\/uploads\/2024\/10\/WhatsApp-Image-2024-10-23-at-10.38.52.jpeg",1920,1080,false],"landscape":["https:\/\/elconquistadorredloslagos.cl\/test\/wp-content\/uploads\/2024\/10\/WhatsApp-Image-2024-10-23-at-10.38.52.jpeg",1920,1080,false],"portraits":["https:\/\/elconquistadorredloslagos.cl\/test\/wp-content\/uploads\/2024\/10\/WhatsApp-Image-2024-10-23-at-10.38.52.jpeg",1920,1080,false],"thumbnail":["https:\/\/elconquistadorredloslagos.cl\/test\/wp-content\/uploads\/2024\/10\/WhatsApp-Image-2024-10-23-at-10.38.52-150x150.jpeg",150,150,true],"medium":["https:\/\/elconquistadorredloslagos.cl\/test\/wp-content\/uploads\/2024\/10\/WhatsApp-Image-2024-10-23-at-10.38.52-300x169.jpeg",300,169,true],"large":["https:\/\/elconquistadorredloslagos.cl\/test\/wp-content\/uploads\/2024\/10\/WhatsApp-Image-2024-10-23-at-10.38.52-1024x576.jpeg",1024,576,true],"1536x1536":["https:\/\/elconquistadorredloslagos.cl\/test\/wp-content\/uploads\/2024\/10\/WhatsApp-Image-2024-10-23-at-10.38.52-1536x864.jpeg",1536,864,true],"2048x2048":["https:\/\/elconquistadorredloslagos.cl\/test\/wp-content\/uploads\/2024\/10\/WhatsApp-Image-2024-10-23-at-10.38.52.jpeg",1920,1080,false]},"rttpg_author":{"display_name":"ccardenas","author_link":"https:\/\/elconquistadorredloslagos.cl\/test\/blog\/author\/ccardenas\/"},"rttpg_comment":0,"rttpg_category":"<a href=\"https:\/\/elconquistadorredloslagos.cl\/test\/blog\/category\/actual\/acontecer\/\" rel=\"category tag\">Acontecer<\/a> <a href=\"https:\/\/elconquistadorredloslagos.cl\/test\/blog\/category\/actual\/\" rel=\"category tag\">Actualidad<\/a>","rttpg_excerpt":"A pocos d\u00edas de la doble jornada electoral con voto obligatorio del 26 y 27 de octubre, la Delegada Presidencial Regional de Los Lagos, Giovanna Moreira, junto al Jefe de..","_links":{"self":[{"href":"https:\/\/elconquistadorredloslagos.cl\/test\/wp-json\/wp\/v2\/posts\/4033","targetHints":{"allow":["GET"]}}],"collection":[{"href":"https:\/\/elconquistadorredloslagos.cl\/test\/wp-json\/wp\/v2\/posts"}],"about":[{"href":"https:\/\/elconquistadorredloslagos.cl\/test\/wp-json\/wp\/v2\/types\/post"}],"author":[{"embeddable":true,"href":"https:\/\/elconquistadorredloslagos.cl\/test\/wp-json\/wp\/v2\/users\/2"}],"replies":[{"embeddable":true,"href":"https:\/\/elconquistadorredloslagos.cl\/test\/wp-json\/wp\/v2\/comments?post=4033"}],"version-history":[{"count":1,"href":"https:\/\/elconquistadorredloslagos.cl\/test\/wp-json\/wp\/v2\/posts\/4033\/revisions"}],"predecessor-version":[{"id":4035,"href":"https:\/\/elconquistadorredloslagos.cl\/test\/wp-json\/wp\/v2\/posts\/4033\/revisions\/4035"}],"wp:featuredmedia":[{"embeddable":true,"href":"https:\/\/elconquistadorredloslagos.cl\/test\/wp-json\/wp\/v2\/media\/4034"}],"wp:attachment":[{"href":"https:\/\/elconquistadorredloslagos.cl\/test\/wp-json\/wp\/v2\/media?parent=4033"}],"wp:term":[{"taxonomy":"category","embeddable":true,"href":"https:\/\/elconquistadorredloslagos.cl\/test\/wp-json\/wp\/v2\/categories?post=4033"},{"taxonomy":"post_tag","embeddable":true,"href":"https:\/\/elconquistadorredloslagos.cl\/test\/wp-json\/wp\/v2\/tags?post=4033"}],"curies":[{"name":"wp","href":"https:\/\/api.w.org\/{rel}","templated":true}]}}