{"id":4024,"date":"2024-10-23T10:52:10","date_gmt":"2024-10-23T13:52:10","guid":{"rendered":"https:\/\/elconquistadorredloslagos.cl\/test\/?p=4024"},"modified":"2024-10-23T10:52:10","modified_gmt":"2024-10-23T13:52:10","slug":"top-de-puerto-montt-condena-a-7-anos-de-presidio-a-autores-de-trafico-de-drogas","status":"publish","type":"post","link":"https:\/\/elconquistadorredloslagos.cl\/test\/blog\/2024\/10\/23\/top-de-puerto-montt-condena-a-7-anos-de-presidio-a-autores-de-trafico-de-drogas\/","title":{"rendered":"TOP de Puerto Montt condena a 7 a\u00f1os de presidio a autores de tr\u00e1fico de drogas"},"content":{"rendered":"\n<p>El Tribunal de Juicio Oral en lo Penal de Puerto Montt conden\u00f3 a Mat\u00edas Andree Guichapani Toledo, Silvio Gonz\u00e1lez Bol\u00edvar y \u00c1lex Giovanni Gonz\u00e1lez Londo\u00f1o a penas de 7 a\u00f1os de presidio efectivo, m\u00e1s las accesorias legales de inhabilitaci\u00f3n absoluta perpetua para cargos y oficios p\u00fablicos y derechos pol\u00edticos y la inhabilitaci\u00f3n absoluta para profesiones titulares mientras duren las condenas; m\u00e1s el pago de una multa de 40 UTM cada uno, en calidad de autores del delito consumado de tr\u00e1fico de estupefacientes y sustancias psicotr\u00f3picas. Il\u00edcito perpetrado en mayo del a\u00f1o pasado, en la comuna.<\/p>\n\n\n\n<p>En fallo un\u00e1nime (causa rol 53-2024), el tribunal \u2013integrado por los magistrados Cristi\u00e1n Rojas Collao (presidente), Andr\u00e9s Villagra Ram\u00edrez y Antonio Valdivieso Barrales (redactor)\u2013 conden\u00f3, adem\u00e1s, a Gonz\u00e1lez Londo\u00f1o al pago de una multa 4 UTM, como autor de la falta consumada de ocultaci\u00f3n de identidad.<\/p>\n\n\n\n<p>El tribunal dio por acreditado, m\u00e1s all\u00e1 de toda duda razonable, que entre el 28 y 29 de mayo de 2023, Guichapani Toledo viaj\u00f3 a la Regi\u00f3n Metropolitana con el fin de adquirir sustancias il\u00edcitas, las cuales traslad\u00f3 a Puerto Montt junto a los acusados Gonz\u00e1lez Bol\u00edvar y Gonz\u00e1lez Londo\u00f1o, en un bus interregional. Al arribar a la ciudad, en horas de la ma\u00f1ana del 29 de mayo, abordaron un veh\u00edculo marca Volkswagen y, aproximadamente, a las 10:50 horas fueron sometidos a un control vehicular por funcionarios policiales, a la altura de calle Salvador Allende esquina Antonio Varas, autom\u00f3vil que conduc\u00eda Guichapani Toledo, quien lo hac\u00eda sin licencia de conducir y con los papeles del veh\u00edculo vencidos.<\/p>\n","protected":false},"excerpt":{"rendered":"<p>El Tribunal de Juicio Oral en lo Penal de Puerto Montt conden\u00f3 a Mat\u00edas Andree Guichapani Toledo, Silvio Gonz\u00e1lez Bol\u00edvar y \u00c1lex Giovanni Gonz\u00e1lez Londo\u00f1o a penas de 7 a\u00f1os..<\/p>\n","protected":false},"author":2,"featured_media":4025,"comment_status":"closed","ping_status":"open","sticky":false,"template":"","format":"standard","meta":{"footnotes":""},"categories":[1,28],"tags":[],"class_list":["post-4024","post","type-post","status-publish","format-standard","has-post-thumbnail","hentry","category-acontecer","category-actual"],"rttpg_featured_image_url":{"full":["https:\/\/elconquistadorredloslagos.cl\/test\/wp-content\/uploads\/2024\/10\/TOP-y-Juzgado-de-Garantia-de-Puerto-Montt-1.jpg",1000,514,false],"landscape":["https:\/\/elconquistadorredloslagos.cl\/test\/wp-content\/uploads\/2024\/10\/TOP-y-Juzgado-de-Garantia-de-Puerto-Montt-1.jpg",1000,514,false],"portraits":["https:\/\/elconquistadorredloslagos.cl\/test\/wp-content\/uploads\/2024\/10\/TOP-y-Juzgado-de-Garantia-de-Puerto-Montt-1.jpg",1000,514,false],"thumbnail":["https:\/\/elconquistadorredloslagos.cl\/test\/wp-content\/uploads\/2024\/10\/TOP-y-Juzgado-de-Garantia-de-Puerto-Montt-1-150x150.jpg",150,150,true],"medium":["https:\/\/elconquistadorredloslagos.cl\/test\/wp-content\/uploads\/2024\/10\/TOP-y-Juzgado-de-Garantia-de-Puerto-Montt-1-300x154.jpg",300,154,true],"large":["https:\/\/elconquistadorredloslagos.cl\/test\/wp-content\/uploads\/2024\/10\/TOP-y-Juzgado-de-Garantia-de-Puerto-Montt-1.jpg",1000,514,false],"1536x1536":["https:\/\/elconquistadorredloslagos.cl\/test\/wp-content\/uploads\/2024\/10\/TOP-y-Juzgado-de-Garantia-de-Puerto-Montt-1.jpg",1000,514,false],"2048x2048":["https:\/\/elconquistadorredloslagos.cl\/test\/wp-content\/uploads\/2024\/10\/TOP-y-Juzgado-de-Garantia-de-Puerto-Montt-1.jpg",1000,514,false]},"rttpg_author":{"display_name":"ccardenas","author_link":"https:\/\/elconquistadorredloslagos.cl\/test\/blog\/author\/ccardenas\/"},"rttpg_comment":0,"rttpg_category":"<a href=\"https:\/\/elconquistadorredloslagos.cl\/test\/blog\/category\/actual\/acontecer\/\" rel=\"category tag\">Acontecer<\/a> <a href=\"https:\/\/elconquistadorredloslagos.cl\/test\/blog\/category\/actual\/\" rel=\"category tag\">Actualidad<\/a>","rttpg_excerpt":"El Tribunal de Juicio Oral en lo Penal de Puerto Montt conden\u00f3 a Mat\u00edas Andree Guichapani Toledo, Silvio Gonz\u00e1lez Bol\u00edvar y \u00c1lex Giovanni Gonz\u00e1lez Londo\u00f1o a penas de 7 a\u00f1os..","_links":{"self":[{"href":"https:\/\/elconquistadorredloslagos.cl\/test\/wp-json\/wp\/v2\/posts\/4024","targetHints":{"allow":["GET"]}}],"collection":[{"href":"https:\/\/elconquistadorredloslagos.cl\/test\/wp-json\/wp\/v2\/posts"}],"about":[{"href":"https:\/\/elconquistadorredloslagos.cl\/test\/wp-json\/wp\/v2\/types\/post"}],"author":[{"embeddable":true,"href":"https:\/\/elconquistadorredloslagos.cl\/test\/wp-json\/wp\/v2\/users\/2"}],"replies":[{"embeddable":true,"href":"https:\/\/elconquistadorredloslagos.cl\/test\/wp-json\/wp\/v2\/comments?post=4024"}],"version-history":[{"count":1,"href":"https:\/\/elconquistadorredloslagos.cl\/test\/wp-json\/wp\/v2\/posts\/4024\/revisions"}],"predecessor-version":[{"id":4026,"href":"https:\/\/elconquistadorredloslagos.cl\/test\/wp-json\/wp\/v2\/posts\/4024\/revisions\/4026"}],"wp:featuredmedia":[{"embeddable":true,"href":"https:\/\/elconquistadorredloslagos.cl\/test\/wp-json\/wp\/v2\/media\/4025"}],"wp:attachment":[{"href":"https:\/\/elconquistadorredloslagos.cl\/test\/wp-json\/wp\/v2\/media?parent=4024"}],"wp:term":[{"taxonomy":"category","embeddable":true,"href":"https:\/\/elconquistadorredloslagos.cl\/test\/wp-json\/wp\/v2\/categories?post=4024"},{"taxonomy":"post_tag","embeddable":true,"href":"https:\/\/elconquistadorredloslagos.cl\/test\/wp-json\/wp\/v2\/tags?post=4024"}],"curies":[{"name":"wp","href":"https:\/\/api.w.org\/{rel}","templated":true}]}}