{"id":4021,"date":"2024-10-23T10:35:16","date_gmt":"2024-10-23T13:35:16","guid":{"rendered":"https:\/\/elconquistadorredloslagos.cl\/test\/?p=4021"},"modified":"2024-10-23T10:35:16","modified_gmt":"2024-10-23T13:35:16","slug":"firman-convenio-de-colaboracion-en-apoyo-a-la-juventud-de-la-region-de-los-lagos","status":"publish","type":"post","link":"https:\/\/elconquistadorredloslagos.cl\/test\/blog\/2024\/10\/23\/firman-convenio-de-colaboracion-en-apoyo-a-la-juventud-de-la-region-de-los-lagos\/","title":{"rendered":"Firman convenio de colaboraci\u00f3n en apoyo a la juventud de la regi\u00f3n de Los Lagos"},"content":{"rendered":"\n<p>Balmaceda Arte Joven (BAJ) Los Lagos y el Instituto Nacional de la Juventud de la regi\u00f3n suscribieron un convenio para generar una alianza colaborativa para fortalecer la ejecuci\u00f3n, promoci\u00f3n y difusi\u00f3n de las actividades program\u00e1ticas de ambas instituciones, enfocadas en el desarrollo y bienestar de las juventudes de la regi\u00f3n de Los Lagos.<\/p>\n\n\n\n<p>Para Nathaly S\u00e1nchez, directora regional (s) de BAJ Los Lagos esta firma de convenio marco de colaboraci\u00f3n que establece una alianza estrat\u00e9gica entre ambas instituciones, establece compromisos concretos, enfocados principalmente en fomentar la salud y el desarrollo integral de las juventudes de la regi\u00f3n a trav\u00e9s del desarrollo de actividades culturales, recreativas y art\u00edsticas.<\/p>\n\n\n\n<p>\u201cComo Balmaceda Arte Joven Los Lagos lograr una sinton\u00eda con el Instituto Nacional de la Juventud es un gran hito para nosotros, a trav\u00e9s de este acuerdo ambas instituciones nos comprometemos a impulsar actividades conjuntas que aborden tem\u00e1ticas de bienestar, autocuidado, adem\u00e1s de promover la participaci\u00f3n juvenil en actividades culturales y de bienestar. Este acuerdo refuerza el compromiso de ambas organizaciones con el desarrollo integral de las y los j\u00f3venes de la regi\u00f3n, uniendo esfuerzos para generar un impacto positivo en su bienestar y crecimiento\u201d, sostuvo S\u00e1nchez.<\/p>\n","protected":false},"excerpt":{"rendered":"<p>Balmaceda Arte Joven (BAJ) Los Lagos y el Instituto Nacional de la Juventud de la regi\u00f3n suscribieron un convenio para generar una alianza colaborativa para fortalecer la ejecuci\u00f3n, promoci\u00f3n y..<\/p>\n","protected":false},"author":2,"featured_media":4022,"comment_status":"closed","ping_status":"open","sticky":false,"template":"","format":"standard","meta":{"footnotes":""},"categories":[1,28],"tags":[],"class_list":["post-4021","post","type-post","status-publish","format-standard","has-post-thumbnail","hentry","category-acontecer","category-actual"],"rttpg_featured_image_url":{"full":["https:\/\/elconquistadorredloslagos.cl\/test\/wp-content\/uploads\/2024\/10\/IMAGEN1.jpeg",1280,1600,false],"landscape":["https:\/\/elconquistadorredloslagos.cl\/test\/wp-content\/uploads\/2024\/10\/IMAGEN1.jpeg",1280,1600,false],"portraits":["https:\/\/elconquistadorredloslagos.cl\/test\/wp-content\/uploads\/2024\/10\/IMAGEN1.jpeg",1280,1600,false],"thumbnail":["https:\/\/elconquistadorredloslagos.cl\/test\/wp-content\/uploads\/2024\/10\/IMAGEN1-150x150.jpeg",150,150,true],"medium":["https:\/\/elconquistadorredloslagos.cl\/test\/wp-content\/uploads\/2024\/10\/IMAGEN1-240x300.jpeg",240,300,true],"large":["https:\/\/elconquistadorredloslagos.cl\/test\/wp-content\/uploads\/2024\/10\/IMAGEN1-819x1024.jpeg",819,1024,true],"1536x1536":["https:\/\/elconquistadorredloslagos.cl\/test\/wp-content\/uploads\/2024\/10\/IMAGEN1-1229x1536.jpeg",1229,1536,true],"2048x2048":["https:\/\/elconquistadorredloslagos.cl\/test\/wp-content\/uploads\/2024\/10\/IMAGEN1.jpeg",1280,1600,false]},"rttpg_author":{"display_name":"ccardenas","author_link":"https:\/\/elconquistadorredloslagos.cl\/test\/blog\/author\/ccardenas\/"},"rttpg_comment":0,"rttpg_category":"<a href=\"https:\/\/elconquistadorredloslagos.cl\/test\/blog\/category\/actual\/acontecer\/\" rel=\"category tag\">Acontecer<\/a> <a href=\"https:\/\/elconquistadorredloslagos.cl\/test\/blog\/category\/actual\/\" rel=\"category tag\">Actualidad<\/a>","rttpg_excerpt":"Balmaceda Arte Joven (BAJ) Los Lagos y el Instituto Nacional de la Juventud de la regi\u00f3n suscribieron un convenio para generar una alianza colaborativa para fortalecer la ejecuci\u00f3n, promoci\u00f3n y..","_links":{"self":[{"href":"https:\/\/elconquistadorredloslagos.cl\/test\/wp-json\/wp\/v2\/posts\/4021","targetHints":{"allow":["GET"]}}],"collection":[{"href":"https:\/\/elconquistadorredloslagos.cl\/test\/wp-json\/wp\/v2\/posts"}],"about":[{"href":"https:\/\/elconquistadorredloslagos.cl\/test\/wp-json\/wp\/v2\/types\/post"}],"author":[{"embeddable":true,"href":"https:\/\/elconquistadorredloslagos.cl\/test\/wp-json\/wp\/v2\/users\/2"}],"replies":[{"embeddable":true,"href":"https:\/\/elconquistadorredloslagos.cl\/test\/wp-json\/wp\/v2\/comments?post=4021"}],"version-history":[{"count":1,"href":"https:\/\/elconquistadorredloslagos.cl\/test\/wp-json\/wp\/v2\/posts\/4021\/revisions"}],"predecessor-version":[{"id":4023,"href":"https:\/\/elconquistadorredloslagos.cl\/test\/wp-json\/wp\/v2\/posts\/4021\/revisions\/4023"}],"wp:featuredmedia":[{"embeddable":true,"href":"https:\/\/elconquistadorredloslagos.cl\/test\/wp-json\/wp\/v2\/media\/4022"}],"wp:attachment":[{"href":"https:\/\/elconquistadorredloslagos.cl\/test\/wp-json\/wp\/v2\/media?parent=4021"}],"wp:term":[{"taxonomy":"category","embeddable":true,"href":"https:\/\/elconquistadorredloslagos.cl\/test\/wp-json\/wp\/v2\/categories?post=4021"},{"taxonomy":"post_tag","embeddable":true,"href":"https:\/\/elconquistadorredloslagos.cl\/test\/wp-json\/wp\/v2\/tags?post=4021"}],"curies":[{"name":"wp","href":"https:\/\/api.w.org\/{rel}","templated":true}]}}