{"id":4016,"date":"2024-10-23T10:28:47","date_gmt":"2024-10-23T13:28:47","guid":{"rendered":"https:\/\/elconquistadorredloslagos.cl\/test\/?p=4016"},"modified":"2024-10-23T10:28:50","modified_gmt":"2024-10-23T13:28:50","slug":"santana-propuso-su-firme-apoyo-a-los-pequenos-productores-de-choritos-y-pescadores-artesanales","status":"publish","type":"post","link":"https:\/\/elconquistadorredloslagos.cl\/test\/blog\/2024\/10\/23\/santana-propuso-su-firme-apoyo-a-los-pequenos-productores-de-choritos-y-pescadores-artesanales\/","title":{"rendered":"Santana propuso su firme apoyo a los peque\u00f1os productores de choritos y pescadores artesanales"},"content":{"rendered":"\n<p>A pocos d\u00edas de realizarse la elecci\u00f3n de gobernador regional, Alejandro Santana, candidato a gobernador de Los Lagos, reafirm\u00f3 su apoyo decidido a los peque\u00f1os productores de mit\u00edlidos (choritos) y pescadores artesanales, quienes representan una pieza clave en la econom\u00eda local y global. <\/p>\n\n\n\n<p>La regi\u00f3n ya es l\u00edder mundial en la exportaci\u00f3n de estos productos, pero Santana destac\u00f3 que a\u00fan queda mucho por hacer para garantizar su sostenibilidad y crecimiento a largo plazo.<\/p>\n\n\n\n<figure class=\"wp-block-audio\"><audio controls src=\"https:\/\/elconquistadorredloslagos.cl\/test\/wp-content\/uploads\/2024\/10\/SANTANA-MITILIDOS.mp3\"><\/audio><\/figure>\n\n\n\n<p>El candidato tambi\u00e9n resalt\u00f3 la relevancia de los pescadores artesanales, quienes, con su conocimiento tradicional y dedicaci\u00f3n, aportan significativamente al desarrollo econ\u00f3mico de la regi\u00f3n.<\/p>\n\n\n\n<figure class=\"wp-block-audio\"><audio controls src=\"https:\/\/elconquistadorredloslagos.cl\/test\/wp-content\/uploads\/2024\/10\/SANTANA-PESCA-ARTESANAL.mp3\"><\/audio><\/figure>\n\n\n\n<p>El candidato detall\u00f3 que, de ser elegido, impulsar\u00e1 un plan integral para el sector que abarque desde el corto hasta el largo plazo. Este plan no solo buscar\u00e1 fortalecer las oportunidades de financiamiento y fomento productivo, sino que tambi\u00e9n se centrar\u00e1 en proporcionar la certeza jur\u00eddica que los productores necesitan para operar en un entorno estable y predecible.<\/p>\n\n\n\n<p>Alejandro Santana tambi\u00e9n subray\u00f3 la importancia de una estrecha colaboraci\u00f3n entre el gobierno regional y las autoridades nacionales. Su enfoque estar\u00e1 en articular iniciativas que permitan una mejor coordinaci\u00f3n con los ministerios y las entidades encargadas de fomento productivo, asegurando que los proyectos que beneficien a la industria y los peque\u00f1os productores sean prioridad en la agenda post-elecci\u00f3n.<\/p>\n","protected":false},"excerpt":{"rendered":"<p>A pocos d\u00edas de realizarse la elecci\u00f3n de gobernador regional, Alejandro Santana, candidato a gobernador de Los Lagos, reafirm\u00f3 su apoyo decidido a los peque\u00f1os productores de mit\u00edlidos (choritos) y..<\/p>\n","protected":false},"author":2,"featured_media":4019,"comment_status":"closed","ping_status":"open","sticky":false,"template":"","format":"standard","meta":{"footnotes":""},"categories":[1,28],"tags":[],"class_list":["post-4016","post","type-post","status-publish","format-standard","has-post-thumbnail","hentry","category-acontecer","category-actual"],"rttpg_featured_image_url":{"full":["https:\/\/elconquistadorredloslagos.cl\/test\/wp-content\/uploads\/2024\/10\/SANTANA-CON-PESCADORES-scaled.jpg",2560,1920,false],"landscape":["https:\/\/elconquistadorredloslagos.cl\/test\/wp-content\/uploads\/2024\/10\/SANTANA-CON-PESCADORES-scaled.jpg",2560,1920,false],"portraits":["https:\/\/elconquistadorredloslagos.cl\/test\/wp-content\/uploads\/2024\/10\/SANTANA-CON-PESCADORES-scaled.jpg",2560,1920,false],"thumbnail":["https:\/\/elconquistadorredloslagos.cl\/test\/wp-content\/uploads\/2024\/10\/SANTANA-CON-PESCADORES-150x150.jpg",150,150,true],"medium":["https:\/\/elconquistadorredloslagos.cl\/test\/wp-content\/uploads\/2024\/10\/SANTANA-CON-PESCADORES-300x225.jpg",300,225,true],"large":["https:\/\/elconquistadorredloslagos.cl\/test\/wp-content\/uploads\/2024\/10\/SANTANA-CON-PESCADORES-1024x768.jpg",1024,768,true],"1536x1536":["https:\/\/elconquistadorredloslagos.cl\/test\/wp-content\/uploads\/2024\/10\/SANTANA-CON-PESCADORES-1536x1152.jpg",1536,1152,true],"2048x2048":["https:\/\/elconquistadorredloslagos.cl\/test\/wp-content\/uploads\/2024\/10\/SANTANA-CON-PESCADORES-2048x1536.jpg",2048,1536,true]},"rttpg_author":{"display_name":"ccardenas","author_link":"https:\/\/elconquistadorredloslagos.cl\/test\/blog\/author\/ccardenas\/"},"rttpg_comment":0,"rttpg_category":"<a href=\"https:\/\/elconquistadorredloslagos.cl\/test\/blog\/category\/actual\/acontecer\/\" rel=\"category tag\">Acontecer<\/a> <a href=\"https:\/\/elconquistadorredloslagos.cl\/test\/blog\/category\/actual\/\" rel=\"category tag\">Actualidad<\/a>","rttpg_excerpt":"A pocos d\u00edas de realizarse la elecci\u00f3n de gobernador regional, Alejandro Santana, candidato a gobernador de Los Lagos, reafirm\u00f3 su apoyo decidido a los peque\u00f1os productores de mit\u00edlidos (choritos) y..","_links":{"self":[{"href":"https:\/\/elconquistadorredloslagos.cl\/test\/wp-json\/wp\/v2\/posts\/4016","targetHints":{"allow":["GET"]}}],"collection":[{"href":"https:\/\/elconquistadorredloslagos.cl\/test\/wp-json\/wp\/v2\/posts"}],"about":[{"href":"https:\/\/elconquistadorredloslagos.cl\/test\/wp-json\/wp\/v2\/types\/post"}],"author":[{"embeddable":true,"href":"https:\/\/elconquistadorredloslagos.cl\/test\/wp-json\/wp\/v2\/users\/2"}],"replies":[{"embeddable":true,"href":"https:\/\/elconquistadorredloslagos.cl\/test\/wp-json\/wp\/v2\/comments?post=4016"}],"version-history":[{"count":1,"href":"https:\/\/elconquistadorredloslagos.cl\/test\/wp-json\/wp\/v2\/posts\/4016\/revisions"}],"predecessor-version":[{"id":4020,"href":"https:\/\/elconquistadorredloslagos.cl\/test\/wp-json\/wp\/v2\/posts\/4016\/revisions\/4020"}],"wp:featuredmedia":[{"embeddable":true,"href":"https:\/\/elconquistadorredloslagos.cl\/test\/wp-json\/wp\/v2\/media\/4019"}],"wp:attachment":[{"href":"https:\/\/elconquistadorredloslagos.cl\/test\/wp-json\/wp\/v2\/media?parent=4016"}],"wp:term":[{"taxonomy":"category","embeddable":true,"href":"https:\/\/elconquistadorredloslagos.cl\/test\/wp-json\/wp\/v2\/categories?post=4016"},{"taxonomy":"post_tag","embeddable":true,"href":"https:\/\/elconquistadorredloslagos.cl\/test\/wp-json\/wp\/v2\/tags?post=4016"}],"curies":[{"name":"wp","href":"https:\/\/api.w.org\/{rel}","templated":true}]}}