{"id":4007,"date":"2024-10-22T14:40:54","date_gmt":"2024-10-22T17:40:54","guid":{"rendered":"https:\/\/elconquistadorredloslagos.cl\/test\/?p=4007"},"modified":"2024-10-22T22:33:49","modified_gmt":"2024-10-23T01:33:49","slug":"puerto-montt-pdi-detienen-al-exalcalde-gervoy-paredes","status":"publish","type":"post","link":"https:\/\/elconquistadorredloslagos.cl\/test\/blog\/2024\/10\/22\/puerto-montt-pdi-detienen-al-exalcalde-gervoy-paredes\/","title":{"rendered":"Puerto Montt: PDI detienen al exalcalde Gervoy Paredes"},"content":{"rendered":"\n<h5 class=\"wp-block-heading\"><em>En una noticia de alto impacto dentro de la opini\u00f3n p\u00fablica de la Regi\u00f3n de Los Lagos, espec\u00edficamente en la ciudad de Puerto Montt, se confirm\u00f3 la detenci\u00f3n del exalcalde de Puerto Montt, Gervoy Paredes, en medio de la investigaci\u00f3n que se sigue en su contra por delitos de corrupci\u00f3n.<\/em><\/h5>\n\n\n\n<p>Recordar que el ex jefe comunal de la capital de Los Lagos, fue destituido de su cargo en el mes de agosto luego de darse a conocer la decisi\u00f3n del Tribunal Electoral Regional (TER) de Los Lagos, acusado de abandono de deberes y probidad administrativa.<\/p>\n\n\n\n<p>El arresto de Paredes se materializ\u00f3 por parte de la Brigada de Delitos Econ\u00f3micos de la PDI puertomontina, tras el cumplimiento a una orden emanada por la Fiscal\u00eda Regional de Los Lagos. La otrora autoridad edilicia es investigado por los delitos de cohecho, fraude al fisco y enriquecimiento il\u00edcito de funcionario p\u00fablico.<\/p>\n\n\n\n<p>El concejal por Puerto Montt <strong>Juan Carlos Cuiti\u00f1o\u00a0<\/strong>convers\u00f3 con Radio El Conquistador Los Lagos en donde indic\u00f3 que esta detenci\u00f3n confirm\u00f3 8 a\u00f1os de trabajo y las alertas de las distintas irregularidades que junto a otros concejales fueron indagando y denunciando. <\/p>\n\n\n\n<figure class=\"wp-block-audio\"><audio controls src=\"https:\/\/elconquistadorredloslagos.cl\/test\/wp-content\/uploads\/2024\/10\/WhatsApp-Audio-2024-10-22-at-14.26.44.ogg\"><\/audio><\/figure>\n\n\n\n<p>Cabe se\u00f1alar que adem\u00e1s en medio de estas indagatorias, se dio cuenta de la filtraci\u00f3n de un audio que da cuenta de un presunto financiamiento irregular de la pol\u00edtica.<\/p>\n\n\n\n<p>FOTO: (C.P)<\/p>\n","protected":false},"excerpt":{"rendered":"<p>En una noticia de alto impacto dentro de la opini\u00f3n p\u00fablica de la Regi\u00f3n de Los Lagos, espec\u00edficamente en la ciudad de Puerto Montt, se confirm\u00f3 la detenci\u00f3n del exalcalde..<\/p>\n","protected":false},"author":2,"featured_media":4008,"comment_status":"closed","ping_status":"open","sticky":false,"template":"","format":"standard","meta":{"footnotes":""},"categories":[1,28],"tags":[],"class_list":["post-4007","post","type-post","status-publish","format-standard","has-post-thumbnail","hentry","category-acontecer","category-actual"],"rttpg_featured_image_url":{"full":["https:\/\/elconquistadorredloslagos.cl\/test\/wp-content\/uploads\/2024\/10\/3502-gervoy-paredes.jpg",1280,854,false],"landscape":["https:\/\/elconquistadorredloslagos.cl\/test\/wp-content\/uploads\/2024\/10\/3502-gervoy-paredes.jpg",1280,854,false],"portraits":["https:\/\/elconquistadorredloslagos.cl\/test\/wp-content\/uploads\/2024\/10\/3502-gervoy-paredes.jpg",1280,854,false],"thumbnail":["https:\/\/elconquistadorredloslagos.cl\/test\/wp-content\/uploads\/2024\/10\/3502-gervoy-paredes-150x150.jpg",150,150,true],"medium":["https:\/\/elconquistadorredloslagos.cl\/test\/wp-content\/uploads\/2024\/10\/3502-gervoy-paredes-300x200.jpg",300,200,true],"large":["https:\/\/elconquistadorredloslagos.cl\/test\/wp-content\/uploads\/2024\/10\/3502-gervoy-paredes-1024x683.jpg",1024,683,true],"1536x1536":["https:\/\/elconquistadorredloslagos.cl\/test\/wp-content\/uploads\/2024\/10\/3502-gervoy-paredes.jpg",1280,854,false],"2048x2048":["https:\/\/elconquistadorredloslagos.cl\/test\/wp-content\/uploads\/2024\/10\/3502-gervoy-paredes.jpg",1280,854,false]},"rttpg_author":{"display_name":"ccardenas","author_link":"https:\/\/elconquistadorredloslagos.cl\/test\/blog\/author\/ccardenas\/"},"rttpg_comment":0,"rttpg_category":"<a href=\"https:\/\/elconquistadorredloslagos.cl\/test\/blog\/category\/actual\/acontecer\/\" rel=\"category tag\">Acontecer<\/a> <a href=\"https:\/\/elconquistadorredloslagos.cl\/test\/blog\/category\/actual\/\" rel=\"category tag\">Actualidad<\/a>","rttpg_excerpt":"En una noticia de alto impacto dentro de la opini\u00f3n p\u00fablica de la Regi\u00f3n de Los Lagos, espec\u00edficamente en la ciudad de Puerto Montt, se confirm\u00f3 la detenci\u00f3n del exalcalde..","_links":{"self":[{"href":"https:\/\/elconquistadorredloslagos.cl\/test\/wp-json\/wp\/v2\/posts\/4007","targetHints":{"allow":["GET"]}}],"collection":[{"href":"https:\/\/elconquistadorredloslagos.cl\/test\/wp-json\/wp\/v2\/posts"}],"about":[{"href":"https:\/\/elconquistadorredloslagos.cl\/test\/wp-json\/wp\/v2\/types\/post"}],"author":[{"embeddable":true,"href":"https:\/\/elconquistadorredloslagos.cl\/test\/wp-json\/wp\/v2\/users\/2"}],"replies":[{"embeddable":true,"href":"https:\/\/elconquistadorredloslagos.cl\/test\/wp-json\/wp\/v2\/comments?post=4007"}],"version-history":[{"count":2,"href":"https:\/\/elconquistadorredloslagos.cl\/test\/wp-json\/wp\/v2\/posts\/4007\/revisions"}],"predecessor-version":[{"id":4015,"href":"https:\/\/elconquistadorredloslagos.cl\/test\/wp-json\/wp\/v2\/posts\/4007\/revisions\/4015"}],"wp:featuredmedia":[{"embeddable":true,"href":"https:\/\/elconquistadorredloslagos.cl\/test\/wp-json\/wp\/v2\/media\/4008"}],"wp:attachment":[{"href":"https:\/\/elconquistadorredloslagos.cl\/test\/wp-json\/wp\/v2\/media?parent=4007"}],"wp:term":[{"taxonomy":"category","embeddable":true,"href":"https:\/\/elconquistadorredloslagos.cl\/test\/wp-json\/wp\/v2\/categories?post=4007"},{"taxonomy":"post_tag","embeddable":true,"href":"https:\/\/elconquistadorredloslagos.cl\/test\/wp-json\/wp\/v2\/tags?post=4007"}],"curies":[{"name":"wp","href":"https:\/\/api.w.org\/{rel}","templated":true}]}}