{"id":4004,"date":"2024-10-22T12:22:59","date_gmt":"2024-10-22T15:22:59","guid":{"rendered":"https:\/\/elconquistadorredloslagos.cl\/test\/?p=4004"},"modified":"2024-10-22T12:23:00","modified_gmt":"2024-10-22T15:23:00","slug":"casa-pauly-es-entregada-al-municipio-de-puerto-montt-para-iniciar-el-proceso-de-explotacion","status":"publish","type":"post","link":"https:\/\/elconquistadorredloslagos.cl\/test\/blog\/2024\/10\/22\/casa-pauly-es-entregada-al-municipio-de-puerto-montt-para-iniciar-el-proceso-de-explotacion\/","title":{"rendered":"Casa Pauly es entregada al municipio de Puerto Montt para iniciar el proceso de explotaci\u00f3n"},"content":{"rendered":"\n<p>Con el avance f\u00edsico y financiero en un 100%, la restauraci\u00f3n del emblem\u00e1tico edificio de la capital cultural, ubicado en la esquina de las calles Benavente con Rancagua, fue traspasado a la casa edilicia mediante la firma del acta administrativa. <\/p>\n\n\n\n<p>En la instancia, liderada por el Gobernador Regional, participaron tambi\u00e9n la Delegada Presidencial Regional, miembros de la comisi\u00f3n provincial Llanquihue del Core y representante de la municipalidad, adem\u00e1s de la Subsecretaria de Desarrollo Regional. <\/p>\n\n\n\n<p>La inversi\u00f3n total fue de m\u00e1s de 3 mil millones de pesos, monto final, derivado de los retrasos que sufri\u00f3 la recuperaci\u00f3n del edificio, producto de los hallazgos arqueol\u00f3gicos que pusieron en pausa las obras que se desplegaron por varios a\u00f1os en el centro de Puerto Montt.<\/p>\n\n\n\n<p>La Subsecretaria de Desarrollo Regional y Administrativo, Francisca Perales, indic\u00f3 que \u201chab\u00edamos venido trabajando y conversando esta restauraci\u00f3n en conjunto con el Gobierno Regional de los Lagos, en conjunto con el Municipio de Puerto Montt y la Direcci\u00f3n de Arquitectura. Lo importante que es el trabajo intersectorial para poder dar una respuesta ante la ciudadan\u00eda que permita que no solamente se restaure un inmueble, sino que efectivamente la puesta en valor tenga como objetivo contar con un nuevo espacio abierto para la ciudadan\u00eda y para el desarrollo de la actividad cultural y de la actividad patrimonial tambi\u00e9n\u201d.<\/p>\n","protected":false},"excerpt":{"rendered":"<p>Con el avance f\u00edsico y financiero en un 100%, la restauraci\u00f3n del emblem\u00e1tico edificio de la capital cultural, ubicado en la esquina de las calles Benavente con Rancagua, fue traspasado..<\/p>\n","protected":false},"author":2,"featured_media":4005,"comment_status":"closed","ping_status":"open","sticky":false,"template":"","format":"standard","meta":{"footnotes":""},"categories":[1,28],"tags":[],"class_list":["post-4004","post","type-post","status-publish","format-standard","has-post-thumbnail","hentry","category-acontecer","category-actual"],"rttpg_featured_image_url":{"full":["https:\/\/elconquistadorredloslagos.cl\/test\/wp-content\/uploads\/2024\/10\/WhatsApp-Image-2024-10-22-at-12.18.23.jpeg",1600,1064,false],"landscape":["https:\/\/elconquistadorredloslagos.cl\/test\/wp-content\/uploads\/2024\/10\/WhatsApp-Image-2024-10-22-at-12.18.23.jpeg",1600,1064,false],"portraits":["https:\/\/elconquistadorredloslagos.cl\/test\/wp-content\/uploads\/2024\/10\/WhatsApp-Image-2024-10-22-at-12.18.23.jpeg",1600,1064,false],"thumbnail":["https:\/\/elconquistadorredloslagos.cl\/test\/wp-content\/uploads\/2024\/10\/WhatsApp-Image-2024-10-22-at-12.18.23-150x150.jpeg",150,150,true],"medium":["https:\/\/elconquistadorredloslagos.cl\/test\/wp-content\/uploads\/2024\/10\/WhatsApp-Image-2024-10-22-at-12.18.23-300x200.jpeg",300,200,true],"large":["https:\/\/elconquistadorredloslagos.cl\/test\/wp-content\/uploads\/2024\/10\/WhatsApp-Image-2024-10-22-at-12.18.23-1024x681.jpeg",1024,681,true],"1536x1536":["https:\/\/elconquistadorredloslagos.cl\/test\/wp-content\/uploads\/2024\/10\/WhatsApp-Image-2024-10-22-at-12.18.23-1536x1021.jpeg",1536,1021,true],"2048x2048":["https:\/\/elconquistadorredloslagos.cl\/test\/wp-content\/uploads\/2024\/10\/WhatsApp-Image-2024-10-22-at-12.18.23.jpeg",1600,1064,false]},"rttpg_author":{"display_name":"ccardenas","author_link":"https:\/\/elconquistadorredloslagos.cl\/test\/blog\/author\/ccardenas\/"},"rttpg_comment":0,"rttpg_category":"<a href=\"https:\/\/elconquistadorredloslagos.cl\/test\/blog\/category\/actual\/acontecer\/\" rel=\"category tag\">Acontecer<\/a> <a href=\"https:\/\/elconquistadorredloslagos.cl\/test\/blog\/category\/actual\/\" rel=\"category tag\">Actualidad<\/a>","rttpg_excerpt":"Con el avance f\u00edsico y financiero en un 100%, la restauraci\u00f3n del emblem\u00e1tico edificio de la capital cultural, ubicado en la esquina de las calles Benavente con Rancagua, fue traspasado..","_links":{"self":[{"href":"https:\/\/elconquistadorredloslagos.cl\/test\/wp-json\/wp\/v2\/posts\/4004","targetHints":{"allow":["GET"]}}],"collection":[{"href":"https:\/\/elconquistadorredloslagos.cl\/test\/wp-json\/wp\/v2\/posts"}],"about":[{"href":"https:\/\/elconquistadorredloslagos.cl\/test\/wp-json\/wp\/v2\/types\/post"}],"author":[{"embeddable":true,"href":"https:\/\/elconquistadorredloslagos.cl\/test\/wp-json\/wp\/v2\/users\/2"}],"replies":[{"embeddable":true,"href":"https:\/\/elconquistadorredloslagos.cl\/test\/wp-json\/wp\/v2\/comments?post=4004"}],"version-history":[{"count":1,"href":"https:\/\/elconquistadorredloslagos.cl\/test\/wp-json\/wp\/v2\/posts\/4004\/revisions"}],"predecessor-version":[{"id":4006,"href":"https:\/\/elconquistadorredloslagos.cl\/test\/wp-json\/wp\/v2\/posts\/4004\/revisions\/4006"}],"wp:featuredmedia":[{"embeddable":true,"href":"https:\/\/elconquistadorredloslagos.cl\/test\/wp-json\/wp\/v2\/media\/4005"}],"wp:attachment":[{"href":"https:\/\/elconquistadorredloslagos.cl\/test\/wp-json\/wp\/v2\/media?parent=4004"}],"wp:term":[{"taxonomy":"category","embeddable":true,"href":"https:\/\/elconquistadorredloslagos.cl\/test\/wp-json\/wp\/v2\/categories?post=4004"},{"taxonomy":"post_tag","embeddable":true,"href":"https:\/\/elconquistadorredloslagos.cl\/test\/wp-json\/wp\/v2\/tags?post=4004"}],"curies":[{"name":"wp","href":"https:\/\/api.w.org\/{rel}","templated":true}]}}