{"id":4000,"date":"2024-10-22T11:48:37","date_gmt":"2024-10-22T14:48:37","guid":{"rendered":"https:\/\/elconquistadorredloslagos.cl\/test\/?p=4000"},"modified":"2024-10-22T11:48:39","modified_gmt":"2024-10-22T14:48:39","slug":"chaiten-inauguran-planta-elevadora-e-impulsion-de-aguas-servidas","status":"publish","type":"post","link":"https:\/\/elconquistadorredloslagos.cl\/test\/blog\/2024\/10\/22\/chaiten-inauguran-planta-elevadora-e-impulsion-de-aguas-servidas\/","title":{"rendered":"Chait\u00e9n: inauguran Planta Elevadora e Impulsi\u00f3n de Aguas Servidas"},"content":{"rendered":"\n<p>Recientemente se inaugur\u00f3 la Planta Elevadora e Impulsi\u00f3n de Aguas Servidas en el sector sur de Chait\u00e9n, una obra crucial para la rehabilitaci\u00f3n de la zona tras la erupci\u00f3n del volc\u00e1n Chait\u00e9n. Con una inversi\u00f3n superior a los mil millones de pesos, este proyecto del Gobierno Regional de Los Lagos, se convirti\u00f3 en la primera gran intervenci\u00f3n estatal en la comuna desde el desastre natural, respondiendo a las necesidades sanitarias de las familias que decidieron permanecer en el lugar a pesar de las dif\u00edciles condiciones. <\/p>\n\n\n\n<p>As\u00ed lo manifest\u00f3 la presidenta de la junta de vecinos del sector sur, Yessica Torres.<\/p>\n\n\n\n<figure class=\"wp-block-audio\"><audio controls src=\"https:\/\/elconquistadorredloslagos.cl\/test\/wp-content\/uploads\/2024\/10\/CUNA-YESSICA-TORRES.mp3\"><\/audio><\/figure>\n\n\n\n<p>De este modo, con una hist\u00f3rica inversi\u00f3n se pudo materializar este anhelado proyecto de la comunidad chaitenina.<\/p>\n","protected":false},"excerpt":{"rendered":"<p>Recientemente se inaugur\u00f3 la Planta Elevadora e Impulsi\u00f3n de Aguas Servidas en el sector sur de Chait\u00e9n, una obra crucial para la rehabilitaci\u00f3n de la zona tras la erupci\u00f3n del..<\/p>\n","protected":false},"author":2,"featured_media":4002,"comment_status":"closed","ping_status":"open","sticky":false,"template":"","format":"standard","meta":{"footnotes":""},"categories":[28],"tags":[],"class_list":["post-4000","post","type-post","status-publish","format-standard","has-post-thumbnail","hentry","category-actual"],"rttpg_featured_image_url":{"full":["https:\/\/elconquistadorredloslagos.cl\/test\/wp-content\/uploads\/2024\/10\/463624040_2224431187934713_7240194312607809014_n.jpg",2048,1502,false],"landscape":["https:\/\/elconquistadorredloslagos.cl\/test\/wp-content\/uploads\/2024\/10\/463624040_2224431187934713_7240194312607809014_n.jpg",2048,1502,false],"portraits":["https:\/\/elconquistadorredloslagos.cl\/test\/wp-content\/uploads\/2024\/10\/463624040_2224431187934713_7240194312607809014_n.jpg",2048,1502,false],"thumbnail":["https:\/\/elconquistadorredloslagos.cl\/test\/wp-content\/uploads\/2024\/10\/463624040_2224431187934713_7240194312607809014_n-150x150.jpg",150,150,true],"medium":["https:\/\/elconquistadorredloslagos.cl\/test\/wp-content\/uploads\/2024\/10\/463624040_2224431187934713_7240194312607809014_n-300x220.jpg",300,220,true],"large":["https:\/\/elconquistadorredloslagos.cl\/test\/wp-content\/uploads\/2024\/10\/463624040_2224431187934713_7240194312607809014_n-1024x751.jpg",1024,751,true],"1536x1536":["https:\/\/elconquistadorredloslagos.cl\/test\/wp-content\/uploads\/2024\/10\/463624040_2224431187934713_7240194312607809014_n-1536x1127.jpg",1536,1127,true],"2048x2048":["https:\/\/elconquistadorredloslagos.cl\/test\/wp-content\/uploads\/2024\/10\/463624040_2224431187934713_7240194312607809014_n.jpg",2048,1502,false]},"rttpg_author":{"display_name":"ccardenas","author_link":"https:\/\/elconquistadorredloslagos.cl\/test\/blog\/author\/ccardenas\/"},"rttpg_comment":0,"rttpg_category":"<a href=\"https:\/\/elconquistadorredloslagos.cl\/test\/blog\/category\/actual\/\" rel=\"category tag\">Actualidad<\/a>","rttpg_excerpt":"Recientemente se inaugur\u00f3 la Planta Elevadora e Impulsi\u00f3n de Aguas Servidas en el sector sur de Chait\u00e9n, una obra crucial para la rehabilitaci\u00f3n de la zona tras la erupci\u00f3n del..","_links":{"self":[{"href":"https:\/\/elconquistadorredloslagos.cl\/test\/wp-json\/wp\/v2\/posts\/4000","targetHints":{"allow":["GET"]}}],"collection":[{"href":"https:\/\/elconquistadorredloslagos.cl\/test\/wp-json\/wp\/v2\/posts"}],"about":[{"href":"https:\/\/elconquistadorredloslagos.cl\/test\/wp-json\/wp\/v2\/types\/post"}],"author":[{"embeddable":true,"href":"https:\/\/elconquistadorredloslagos.cl\/test\/wp-json\/wp\/v2\/users\/2"}],"replies":[{"embeddable":true,"href":"https:\/\/elconquistadorredloslagos.cl\/test\/wp-json\/wp\/v2\/comments?post=4000"}],"version-history":[{"count":1,"href":"https:\/\/elconquistadorredloslagos.cl\/test\/wp-json\/wp\/v2\/posts\/4000\/revisions"}],"predecessor-version":[{"id":4003,"href":"https:\/\/elconquistadorredloslagos.cl\/test\/wp-json\/wp\/v2\/posts\/4000\/revisions\/4003"}],"wp:featuredmedia":[{"embeddable":true,"href":"https:\/\/elconquistadorredloslagos.cl\/test\/wp-json\/wp\/v2\/media\/4002"}],"wp:attachment":[{"href":"https:\/\/elconquistadorredloslagos.cl\/test\/wp-json\/wp\/v2\/media?parent=4000"}],"wp:term":[{"taxonomy":"category","embeddable":true,"href":"https:\/\/elconquistadorredloslagos.cl\/test\/wp-json\/wp\/v2\/categories?post=4000"},{"taxonomy":"post_tag","embeddable":true,"href":"https:\/\/elconquistadorredloslagos.cl\/test\/wp-json\/wp\/v2\/tags?post=4000"}],"curies":[{"name":"wp","href":"https:\/\/api.w.org\/{rel}","templated":true}]}}