{"id":3981,"date":"2024-10-21T14:38:20","date_gmt":"2024-10-21T17:38:20","guid":{"rendered":"https:\/\/elconquistadorredloslagos.cl\/test\/?p=3981"},"modified":"2024-10-21T14:38:21","modified_gmt":"2024-10-21T17:38:21","slug":"fernanda-aguilar-juro-como-jueza-titular-del-juzgado-de-letras-garantia-y-familia-de-calbuco","status":"publish","type":"post","link":"https:\/\/elconquistadorredloslagos.cl\/test\/blog\/2024\/10\/21\/fernanda-aguilar-juro-como-jueza-titular-del-juzgado-de-letras-garantia-y-familia-de-calbuco\/","title":{"rendered":"Fernanda Aguilar jur\u00f3 como jueza titular del Juzgado de Letras, Garant\u00eda y Familia de Calbuco"},"content":{"rendered":"\n<p>El presidente de la Corte de Apelaciones de Puerto Montt, Patricio Rondini Fern\u00e1ndez-D\u00e1vila, tom\u00f3 juramento a Fernanda Aguilar Berger como jueza titular del Juzgado de Letras, Garant\u00eda y Familia de Calbuco.<\/p>\n\n\n\n<p>La exsecretaria titular del Juzgado de Letras, Garant\u00eda y Familia de Hualaihu\u00e9 fue nombrada en el cargo por el Ministerio de Justicia y Derechos Humanos, a trav\u00e9s del Decreto Exento N\u00b02.226 del 8 de octubre, de la terna propuesta por la Corte de Apelaciones de Puerto Montt, tras ser seleccionada por concurso p\u00fablico.<\/p>\n\n\n\n<p>En la ceremonia, que se desarroll\u00f3 en la Sala \u201cManuel Agust\u00edn Barr\u00eda Subiabre\u201d del tribunal de alzada, tambi\u00e9n jur\u00f3 la magistrada Alejandra Sep\u00falveda Gloor, como jueza titular del Juzgado de Familia de Puerto Montt, la cual cont\u00f3 con la participaci\u00f3n de la ministra Ivonne Avenda\u00f1o G\u00f3mez, la ministra (s) Claudia C\u00e1rdenas Navarro y el secretario (s) Marcelo Inostroza Salazar, como ministro de fe, junto a jueces, relatores, funcionarios, familiares y amigos de la nueva jueza de Calbuco.<\/p>\n\n\n\n<p>\u201cMe encuentro muy feliz por este nuevo nombramiento, que viene en constituir un ascenso en mi carrera judicial, la cual he venido desarrollando de manera exclusiva en esta jurisdicci\u00f3n\u201d, manifest\u00f3 la magistrada Aguilar al t\u00e9rmino del acto.<\/p>\n\n\n\n<p>A su vez, expres\u00f3 su agradecimiento a quienes han contribuido a su desarrollo profesional y a alcanzar este nuevo paso en su carrera judicial. \u201cAgradecer primeramente al Pleno de esta Corte, por el voto de confianza depositado en m\u00ed. De igual modo, agradecer tambi\u00e9n a mis padres que, gracias a su sacrificio y esfuerzo, el d\u00eda de hoy me permite estar asumiendo este nuevo desaf\u00edo\u201d, se\u00f1al\u00f3.<\/p>\n","protected":false},"excerpt":{"rendered":"<p>El presidente de la Corte de Apelaciones de Puerto Montt, Patricio Rondini Fern\u00e1ndez-D\u00e1vila, tom\u00f3 juramento a Fernanda Aguilar Berger como jueza titular del Juzgado de Letras, Garant\u00eda y Familia de..<\/p>\n","protected":false},"author":2,"featured_media":3982,"comment_status":"closed","ping_status":"open","sticky":false,"template":"","format":"standard","meta":{"footnotes":""},"categories":[1,28],"tags":[],"class_list":["post-3981","post","type-post","status-publish","format-standard","has-post-thumbnail","hentry","category-acontecer","category-actual"],"rttpg_featured_image_url":{"full":["https:\/\/elconquistadorredloslagos.cl\/test\/wp-content\/uploads\/2024\/10\/La-ceremonia-de-juramento-de-Fernanda-Aguilar-se-realizo-en-el-tribunal-de-alzada-1.jpg",1000,561,false],"landscape":["https:\/\/elconquistadorredloslagos.cl\/test\/wp-content\/uploads\/2024\/10\/La-ceremonia-de-juramento-de-Fernanda-Aguilar-se-realizo-en-el-tribunal-de-alzada-1.jpg",1000,561,false],"portraits":["https:\/\/elconquistadorredloslagos.cl\/test\/wp-content\/uploads\/2024\/10\/La-ceremonia-de-juramento-de-Fernanda-Aguilar-se-realizo-en-el-tribunal-de-alzada-1.jpg",1000,561,false],"thumbnail":["https:\/\/elconquistadorredloslagos.cl\/test\/wp-content\/uploads\/2024\/10\/La-ceremonia-de-juramento-de-Fernanda-Aguilar-se-realizo-en-el-tribunal-de-alzada-1-150x150.jpg",150,150,true],"medium":["https:\/\/elconquistadorredloslagos.cl\/test\/wp-content\/uploads\/2024\/10\/La-ceremonia-de-juramento-de-Fernanda-Aguilar-se-realizo-en-el-tribunal-de-alzada-1-300x168.jpg",300,168,true],"large":["https:\/\/elconquistadorredloslagos.cl\/test\/wp-content\/uploads\/2024\/10\/La-ceremonia-de-juramento-de-Fernanda-Aguilar-se-realizo-en-el-tribunal-de-alzada-1.jpg",1000,561,false],"1536x1536":["https:\/\/elconquistadorredloslagos.cl\/test\/wp-content\/uploads\/2024\/10\/La-ceremonia-de-juramento-de-Fernanda-Aguilar-se-realizo-en-el-tribunal-de-alzada-1.jpg",1000,561,false],"2048x2048":["https:\/\/elconquistadorredloslagos.cl\/test\/wp-content\/uploads\/2024\/10\/La-ceremonia-de-juramento-de-Fernanda-Aguilar-se-realizo-en-el-tribunal-de-alzada-1.jpg",1000,561,false]},"rttpg_author":{"display_name":"ccardenas","author_link":"https:\/\/elconquistadorredloslagos.cl\/test\/blog\/author\/ccardenas\/"},"rttpg_comment":0,"rttpg_category":"<a href=\"https:\/\/elconquistadorredloslagos.cl\/test\/blog\/category\/actual\/acontecer\/\" rel=\"category tag\">Acontecer<\/a> <a href=\"https:\/\/elconquistadorredloslagos.cl\/test\/blog\/category\/actual\/\" rel=\"category tag\">Actualidad<\/a>","rttpg_excerpt":"El presidente de la Corte de Apelaciones de Puerto Montt, Patricio Rondini Fern\u00e1ndez-D\u00e1vila, tom\u00f3 juramento a Fernanda Aguilar Berger como jueza titular del Juzgado de Letras, Garant\u00eda y Familia de..","_links":{"self":[{"href":"https:\/\/elconquistadorredloslagos.cl\/test\/wp-json\/wp\/v2\/posts\/3981","targetHints":{"allow":["GET"]}}],"collection":[{"href":"https:\/\/elconquistadorredloslagos.cl\/test\/wp-json\/wp\/v2\/posts"}],"about":[{"href":"https:\/\/elconquistadorredloslagos.cl\/test\/wp-json\/wp\/v2\/types\/post"}],"author":[{"embeddable":true,"href":"https:\/\/elconquistadorredloslagos.cl\/test\/wp-json\/wp\/v2\/users\/2"}],"replies":[{"embeddable":true,"href":"https:\/\/elconquistadorredloslagos.cl\/test\/wp-json\/wp\/v2\/comments?post=3981"}],"version-history":[{"count":1,"href":"https:\/\/elconquistadorredloslagos.cl\/test\/wp-json\/wp\/v2\/posts\/3981\/revisions"}],"predecessor-version":[{"id":3983,"href":"https:\/\/elconquistadorredloslagos.cl\/test\/wp-json\/wp\/v2\/posts\/3981\/revisions\/3983"}],"wp:featuredmedia":[{"embeddable":true,"href":"https:\/\/elconquistadorredloslagos.cl\/test\/wp-json\/wp\/v2\/media\/3982"}],"wp:attachment":[{"href":"https:\/\/elconquistadorredloslagos.cl\/test\/wp-json\/wp\/v2\/media?parent=3981"}],"wp:term":[{"taxonomy":"category","embeddable":true,"href":"https:\/\/elconquistadorredloslagos.cl\/test\/wp-json\/wp\/v2\/categories?post=3981"},{"taxonomy":"post_tag","embeddable":true,"href":"https:\/\/elconquistadorredloslagos.cl\/test\/wp-json\/wp\/v2\/tags?post=3981"}],"curies":[{"name":"wp","href":"https:\/\/api.w.org\/{rel}","templated":true}]}}