{"id":3972,"date":"2024-10-21T10:56:31","date_gmt":"2024-10-21T13:56:31","guid":{"rendered":"https:\/\/elconquistadorredloslagos.cl\/test\/?p=3972"},"modified":"2024-10-21T10:56:31","modified_gmt":"2024-10-21T13:56:31","slug":"hospital-san-carlos-de-ancud-contara-con-nuevas-camas-de-salud-mental-infanto-juvenil","status":"publish","type":"post","link":"https:\/\/elconquistadorredloslagos.cl\/test\/blog\/2024\/10\/21\/hospital-san-carlos-de-ancud-contara-con-nuevas-camas-de-salud-mental-infanto-juvenil\/","title":{"rendered":"Hospital San Carlos de Ancud contar\u00e1 con nuevas camas de salud mental infanto-juvenil"},"content":{"rendered":"\n<p>Ya se encuentra aprobado el contrato de remodelaci\u00f3n y habilitaci\u00f3n de nuevas camas de salud mental infanto-juvenil para el Hospital San Carlos de Ancud. La informaci\u00f3n la dio a conocer la directora del Servicio de Salud Chilo\u00e9, Marcela C\u00e1rcamo Hemmelmann, quien destac\u00f3 la inversi\u00f3n y plazos en que se realizar\u00e1 para dar respuesta a las necesidades de la comunidad.<\/p>\n\n\n\n<p>\u201cPreocupado de la Salud Mental de la de la poblaci\u00f3n estamos concretando uno de los proyectos que habilitar\u00e1 seis camas infantojuvenil para atender a pacientes de salud Mental en el Hospital de Ancud. Ya se adjudicaron las obras que tienen un costo de 169 millones de pesos y ya se est\u00e1 capacitando al personal que atender\u00e1 a los pacientes, de esta manera, estamos instalando por primera vez camas para la atenci\u00f3n de pacientes infanto adolescentes. Estamos contentos con esta iniciativa que cumple el plan de Gobierno de reforzar todo lo que tiene que ver con atenci\u00f3n de salud mental\u201d.<\/p>\n\n\n\n<p>Con estas acciones se cumple con el objetivo de asegurar que los ni\u00f1os, ni\u00f1as y adolescentes reciban el soporte necesario para su bienestar emocional y mental, permitiendo contar con espacios dignos gracias a las obras que se realizar\u00e1n con la remodelaci\u00f3n y habilitaci\u00f3n de mayor espacio f\u00edsico con el fin de aumentar las prestaciones de salud.<\/p>\n\n\n\n<p>La empresa encargada de realizar los trabajos de remodelaci\u00f3n y habilitaci\u00f3n de camas y las obras civiles anexas es la Constructora F.A.G.A., quienes contar\u00e1n con 120 d\u00edas de plazo para la ejecuci\u00f3n.<\/p>\n\n\n\n<p>FOTO: (Referencial)<\/p>\n","protected":false},"excerpt":{"rendered":"<p>Ya se encuentra aprobado el contrato de remodelaci\u00f3n y habilitaci\u00f3n de nuevas camas de salud mental infanto-juvenil para el Hospital San Carlos de Ancud. La informaci\u00f3n la dio a conocer..<\/p>\n","protected":false},"author":2,"featured_media":3973,"comment_status":"closed","ping_status":"open","sticky":false,"template":"","format":"standard","meta":{"footnotes":""},"categories":[1,28],"tags":[],"class_list":["post-3972","post","type-post","status-publish","format-standard","has-post-thumbnail","hentry","category-acontecer","category-actual"],"rttpg_featured_image_url":{"full":["https:\/\/elconquistadorredloslagos.cl\/test\/wp-content\/uploads\/2024\/10\/foto_0000000320200527111329.jpg",649,365,false],"landscape":["https:\/\/elconquistadorredloslagos.cl\/test\/wp-content\/uploads\/2024\/10\/foto_0000000320200527111329.jpg",649,365,false],"portraits":["https:\/\/elconquistadorredloslagos.cl\/test\/wp-content\/uploads\/2024\/10\/foto_0000000320200527111329.jpg",649,365,false],"thumbnail":["https:\/\/elconquistadorredloslagos.cl\/test\/wp-content\/uploads\/2024\/10\/foto_0000000320200527111329-150x150.jpg",150,150,true],"medium":["https:\/\/elconquistadorredloslagos.cl\/test\/wp-content\/uploads\/2024\/10\/foto_0000000320200527111329-300x169.jpg",300,169,true],"large":["https:\/\/elconquistadorredloslagos.cl\/test\/wp-content\/uploads\/2024\/10\/foto_0000000320200527111329.jpg",649,365,false],"1536x1536":["https:\/\/elconquistadorredloslagos.cl\/test\/wp-content\/uploads\/2024\/10\/foto_0000000320200527111329.jpg",649,365,false],"2048x2048":["https:\/\/elconquistadorredloslagos.cl\/test\/wp-content\/uploads\/2024\/10\/foto_0000000320200527111329.jpg",649,365,false]},"rttpg_author":{"display_name":"ccardenas","author_link":"https:\/\/elconquistadorredloslagos.cl\/test\/blog\/author\/ccardenas\/"},"rttpg_comment":0,"rttpg_category":"<a href=\"https:\/\/elconquistadorredloslagos.cl\/test\/blog\/category\/actual\/acontecer\/\" rel=\"category tag\">Acontecer<\/a> <a href=\"https:\/\/elconquistadorredloslagos.cl\/test\/blog\/category\/actual\/\" rel=\"category tag\">Actualidad<\/a>","rttpg_excerpt":"Ya se encuentra aprobado el contrato de remodelaci\u00f3n y habilitaci\u00f3n de nuevas camas de salud mental infanto-juvenil para el Hospital San Carlos de Ancud. La informaci\u00f3n la dio a conocer..","_links":{"self":[{"href":"https:\/\/elconquistadorredloslagos.cl\/test\/wp-json\/wp\/v2\/posts\/3972","targetHints":{"allow":["GET"]}}],"collection":[{"href":"https:\/\/elconquistadorredloslagos.cl\/test\/wp-json\/wp\/v2\/posts"}],"about":[{"href":"https:\/\/elconquistadorredloslagos.cl\/test\/wp-json\/wp\/v2\/types\/post"}],"author":[{"embeddable":true,"href":"https:\/\/elconquistadorredloslagos.cl\/test\/wp-json\/wp\/v2\/users\/2"}],"replies":[{"embeddable":true,"href":"https:\/\/elconquistadorredloslagos.cl\/test\/wp-json\/wp\/v2\/comments?post=3972"}],"version-history":[{"count":1,"href":"https:\/\/elconquistadorredloslagos.cl\/test\/wp-json\/wp\/v2\/posts\/3972\/revisions"}],"predecessor-version":[{"id":3974,"href":"https:\/\/elconquistadorredloslagos.cl\/test\/wp-json\/wp\/v2\/posts\/3972\/revisions\/3974"}],"wp:featuredmedia":[{"embeddable":true,"href":"https:\/\/elconquistadorredloslagos.cl\/test\/wp-json\/wp\/v2\/media\/3973"}],"wp:attachment":[{"href":"https:\/\/elconquistadorredloslagos.cl\/test\/wp-json\/wp\/v2\/media?parent=3972"}],"wp:term":[{"taxonomy":"category","embeddable":true,"href":"https:\/\/elconquistadorredloslagos.cl\/test\/wp-json\/wp\/v2\/categories?post=3972"},{"taxonomy":"post_tag","embeddable":true,"href":"https:\/\/elconquistadorredloslagos.cl\/test\/wp-json\/wp\/v2\/tags?post=3972"}],"curies":[{"name":"wp","href":"https:\/\/api.w.org\/{rel}","templated":true}]}}