{"id":3960,"date":"2024-10-21T10:24:33","date_gmt":"2024-10-21T13:24:33","guid":{"rendered":"https:\/\/elconquistadorredloslagos.cl\/test\/?p=3960"},"modified":"2024-10-21T10:24:33","modified_gmt":"2024-10-21T13:24:33","slug":"expulsan-a-ultimo-extranjero-involucrado-en-agresion-a-carabineros-en-puerto-montt","status":"publish","type":"post","link":"https:\/\/elconquistadorredloslagos.cl\/test\/blog\/2024\/10\/21\/expulsan-a-ultimo-extranjero-involucrado-en-agresion-a-carabineros-en-puerto-montt\/","title":{"rendered":"Expulsan a \u00faltimo extranjero involucrado en agresi\u00f3n a Carabineros en Puerto Montt"},"content":{"rendered":"\n<p>El Departamento de Migraciones y Polic\u00eda Internacional de Puerto Montt, ratific\u00f3 la expulsi\u00f3n del \u00faltimo ciudadano colombiano que estuvo involucrado en la agresi\u00f3n a personal de Carabineros ocurrida en el sector de Mirasol el 9 de octubre del 2022.<\/p>\n\n\n\n<p>La medida fue confirmada ayer, culminando de esta forma un caso que logr\u00f3 una gran connotaci\u00f3n en el pa\u00eds por las caracter\u00edsticas de los hechos. Al respecto, Mario Guti\u00e9rrez, comisario de la mencionada repartici\u00f3n policial, se refiri\u00f3 a lo acontecido se\u00f1alando -entre otras cosas- que la agresi\u00f3n involucr\u00f3 a varios ciudadanos extranjeros, lo cual fue ampliamente rechazado por los vecinos.<\/p>\n\n\n\n<p>De esta manera, las autoridades concretan el cierre de este caso que involucr\u00f3 a 13 extranjeros. Dicha agresi\u00f3n se efectu\u00f3 en medio de un procedimiento policial, cuando Carabineros intentaba fiscalizar a un motociclista que habr\u00eda participado previamente de un robo en una vivienda particular.<\/p>\n\n\n\n<p>FOTO: (Captura)<\/p>\n","protected":false},"excerpt":{"rendered":"<p>El Departamento de Migraciones y Polic\u00eda Internacional de Puerto Montt, ratific\u00f3 la expulsi\u00f3n del \u00faltimo ciudadano colombiano que estuvo involucrado en la agresi\u00f3n a personal de Carabineros ocurrida en el..<\/p>\n","protected":false},"author":2,"featured_media":3961,"comment_status":"closed","ping_status":"open","sticky":false,"template":"","format":"standard","meta":{"footnotes":""},"categories":[1,28],"tags":[],"class_list":["post-3960","post","type-post","status-publish","format-standard","has-post-thumbnail","hentry","category-acontecer","category-actual"],"rttpg_featured_image_url":{"full":["https:\/\/elconquistadorredloslagos.cl\/test\/wp-content\/uploads\/2024\/10\/Agresion.jpg",600,450,false],"landscape":["https:\/\/elconquistadorredloslagos.cl\/test\/wp-content\/uploads\/2024\/10\/Agresion.jpg",600,450,false],"portraits":["https:\/\/elconquistadorredloslagos.cl\/test\/wp-content\/uploads\/2024\/10\/Agresion.jpg",600,450,false],"thumbnail":["https:\/\/elconquistadorredloslagos.cl\/test\/wp-content\/uploads\/2024\/10\/Agresion-150x150.jpg",150,150,true],"medium":["https:\/\/elconquistadorredloslagos.cl\/test\/wp-content\/uploads\/2024\/10\/Agresion-300x225.jpg",300,225,true],"large":["https:\/\/elconquistadorredloslagos.cl\/test\/wp-content\/uploads\/2024\/10\/Agresion.jpg",600,450,false],"1536x1536":["https:\/\/elconquistadorredloslagos.cl\/test\/wp-content\/uploads\/2024\/10\/Agresion.jpg",600,450,false],"2048x2048":["https:\/\/elconquistadorredloslagos.cl\/test\/wp-content\/uploads\/2024\/10\/Agresion.jpg",600,450,false]},"rttpg_author":{"display_name":"ccardenas","author_link":"https:\/\/elconquistadorredloslagos.cl\/test\/blog\/author\/ccardenas\/"},"rttpg_comment":0,"rttpg_category":"<a href=\"https:\/\/elconquistadorredloslagos.cl\/test\/blog\/category\/actual\/acontecer\/\" rel=\"category tag\">Acontecer<\/a> <a href=\"https:\/\/elconquistadorredloslagos.cl\/test\/blog\/category\/actual\/\" rel=\"category tag\">Actualidad<\/a>","rttpg_excerpt":"El Departamento de Migraciones y Polic\u00eda Internacional de Puerto Montt, ratific\u00f3 la expulsi\u00f3n del \u00faltimo ciudadano colombiano que estuvo involucrado en la agresi\u00f3n a personal de Carabineros ocurrida en el..","_links":{"self":[{"href":"https:\/\/elconquistadorredloslagos.cl\/test\/wp-json\/wp\/v2\/posts\/3960","targetHints":{"allow":["GET"]}}],"collection":[{"href":"https:\/\/elconquistadorredloslagos.cl\/test\/wp-json\/wp\/v2\/posts"}],"about":[{"href":"https:\/\/elconquistadorredloslagos.cl\/test\/wp-json\/wp\/v2\/types\/post"}],"author":[{"embeddable":true,"href":"https:\/\/elconquistadorredloslagos.cl\/test\/wp-json\/wp\/v2\/users\/2"}],"replies":[{"embeddable":true,"href":"https:\/\/elconquistadorredloslagos.cl\/test\/wp-json\/wp\/v2\/comments?post=3960"}],"version-history":[{"count":1,"href":"https:\/\/elconquistadorredloslagos.cl\/test\/wp-json\/wp\/v2\/posts\/3960\/revisions"}],"predecessor-version":[{"id":3962,"href":"https:\/\/elconquistadorredloslagos.cl\/test\/wp-json\/wp\/v2\/posts\/3960\/revisions\/3962"}],"wp:featuredmedia":[{"embeddable":true,"href":"https:\/\/elconquistadorredloslagos.cl\/test\/wp-json\/wp\/v2\/media\/3961"}],"wp:attachment":[{"href":"https:\/\/elconquistadorredloslagos.cl\/test\/wp-json\/wp\/v2\/media?parent=3960"}],"wp:term":[{"taxonomy":"category","embeddable":true,"href":"https:\/\/elconquistadorredloslagos.cl\/test\/wp-json\/wp\/v2\/categories?post=3960"},{"taxonomy":"post_tag","embeddable":true,"href":"https:\/\/elconquistadorredloslagos.cl\/test\/wp-json\/wp\/v2\/tags?post=3960"}],"curies":[{"name":"wp","href":"https:\/\/api.w.org\/{rel}","templated":true}]}}