{"id":3957,"date":"2024-10-21T10:14:03","date_gmt":"2024-10-21T13:14:03","guid":{"rendered":"https:\/\/elconquistadorredloslagos.cl\/test\/?p=3957"},"modified":"2024-10-21T10:14:04","modified_gmt":"2024-10-21T13:14:04","slug":"interponen-querella-por-atropello-de-madre-e-hija-en-osorno","status":"publish","type":"post","link":"https:\/\/elconquistadorredloslagos.cl\/test\/blog\/2024\/10\/21\/interponen-querella-por-atropello-de-madre-e-hija-en-osorno\/","title":{"rendered":"Interponen querella por atropello de madre e hija en Osorno"},"content":{"rendered":"\n<p>Una querella por cuasidelito de homicidio interpondr\u00e1n los familiares de la madre y la hija atropelladas en pleno centro de Osorno, en contra del responsable de este accidente que tuvo lugar en los \u00faltimos d\u00edas, espec\u00edficamente en la intersecci\u00f3n de las calles Juan Mackenna y Antonio Matta.<\/p>\n\n\n\n<p>De acuerdo al relato de las personas afectadas, la zona est\u00e1 debidamente regulada por sem\u00e1foros, situaci\u00f3n que pudo haber incidido en la responsabilidad de uno de los conductores involucrados. En espec\u00edfico, se trat\u00f3 de una colisi\u00f3n entre dos autom\u00f3viles, donde fueron atropelladas ambas mujeres, resultando con diversas fracturas.<\/p>\n\n\n\n<p>Por ahora, estas mujeres est\u00e1n internadas &nbsp;en estado grave en la Unidad de Tratamientos Intensivos (UTI) del Hospital Base de Osorno. Una de las situaciones particulares que tuvo este hecho, tiene que ver con que uno de los conductores implicados es un alto oficial de Carabineros, situaci\u00f3n que motiv\u00f3 la intervenci\u00f3n inmediata del fiscal de turno.<\/p>\n","protected":false},"excerpt":{"rendered":"<p>Una querella por cuasidelito de homicidio interpondr\u00e1n los familiares de la madre y la hija atropelladas en pleno centro de Osorno, en contra del responsable de este accidente que tuvo..<\/p>\n","protected":false},"author":2,"featured_media":3958,"comment_status":"closed","ping_status":"open","sticky":false,"template":"","format":"standard","meta":{"footnotes":""},"categories":[1,28],"tags":[],"class_list":["post-3957","post","type-post","status-publish","format-standard","has-post-thumbnail","hentry","category-acontecer","category-actual"],"rttpg_featured_image_url":{"full":["https:\/\/elconquistadorredloslagos.cl\/test\/wp-content\/uploads\/2024\/10\/Rescate.jpg",688,555,false],"landscape":["https:\/\/elconquistadorredloslagos.cl\/test\/wp-content\/uploads\/2024\/10\/Rescate.jpg",688,555,false],"portraits":["https:\/\/elconquistadorredloslagos.cl\/test\/wp-content\/uploads\/2024\/10\/Rescate.jpg",688,555,false],"thumbnail":["https:\/\/elconquistadorredloslagos.cl\/test\/wp-content\/uploads\/2024\/10\/Rescate-150x150.jpg",150,150,true],"medium":["https:\/\/elconquistadorredloslagos.cl\/test\/wp-content\/uploads\/2024\/10\/Rescate-300x242.jpg",300,242,true],"large":["https:\/\/elconquistadorredloslagos.cl\/test\/wp-content\/uploads\/2024\/10\/Rescate.jpg",688,555,false],"1536x1536":["https:\/\/elconquistadorredloslagos.cl\/test\/wp-content\/uploads\/2024\/10\/Rescate.jpg",688,555,false],"2048x2048":["https:\/\/elconquistadorredloslagos.cl\/test\/wp-content\/uploads\/2024\/10\/Rescate.jpg",688,555,false]},"rttpg_author":{"display_name":"ccardenas","author_link":"https:\/\/elconquistadorredloslagos.cl\/test\/blog\/author\/ccardenas\/"},"rttpg_comment":0,"rttpg_category":"<a href=\"https:\/\/elconquistadorredloslagos.cl\/test\/blog\/category\/actual\/acontecer\/\" rel=\"category tag\">Acontecer<\/a> <a href=\"https:\/\/elconquistadorredloslagos.cl\/test\/blog\/category\/actual\/\" rel=\"category tag\">Actualidad<\/a>","rttpg_excerpt":"Una querella por cuasidelito de homicidio interpondr\u00e1n los familiares de la madre y la hija atropelladas en pleno centro de Osorno, en contra del responsable de este accidente que tuvo..","_links":{"self":[{"href":"https:\/\/elconquistadorredloslagos.cl\/test\/wp-json\/wp\/v2\/posts\/3957","targetHints":{"allow":["GET"]}}],"collection":[{"href":"https:\/\/elconquistadorredloslagos.cl\/test\/wp-json\/wp\/v2\/posts"}],"about":[{"href":"https:\/\/elconquistadorredloslagos.cl\/test\/wp-json\/wp\/v2\/types\/post"}],"author":[{"embeddable":true,"href":"https:\/\/elconquistadorredloslagos.cl\/test\/wp-json\/wp\/v2\/users\/2"}],"replies":[{"embeddable":true,"href":"https:\/\/elconquistadorredloslagos.cl\/test\/wp-json\/wp\/v2\/comments?post=3957"}],"version-history":[{"count":1,"href":"https:\/\/elconquistadorredloslagos.cl\/test\/wp-json\/wp\/v2\/posts\/3957\/revisions"}],"predecessor-version":[{"id":3959,"href":"https:\/\/elconquistadorredloslagos.cl\/test\/wp-json\/wp\/v2\/posts\/3957\/revisions\/3959"}],"wp:featuredmedia":[{"embeddable":true,"href":"https:\/\/elconquistadorredloslagos.cl\/test\/wp-json\/wp\/v2\/media\/3958"}],"wp:attachment":[{"href":"https:\/\/elconquistadorredloslagos.cl\/test\/wp-json\/wp\/v2\/media?parent=3957"}],"wp:term":[{"taxonomy":"category","embeddable":true,"href":"https:\/\/elconquistadorredloslagos.cl\/test\/wp-json\/wp\/v2\/categories?post=3957"},{"taxonomy":"post_tag","embeddable":true,"href":"https:\/\/elconquistadorredloslagos.cl\/test\/wp-json\/wp\/v2\/tags?post=3957"}],"curies":[{"name":"wp","href":"https:\/\/api.w.org\/{rel}","templated":true}]}}