{"id":3954,"date":"2024-10-21T10:03:07","date_gmt":"2024-10-21T13:03:07","guid":{"rendered":"https:\/\/elconquistadorredloslagos.cl\/test\/?p=3954"},"modified":"2024-10-21T10:03:08","modified_gmt":"2024-10-21T13:03:08","slug":"top-de-puerto-montt-condena-a-5-anos-y-un-dia-de-presidio-a-autor-de-abuso-sexual-de-menor-de-14-anos","status":"publish","type":"post","link":"https:\/\/elconquistadorredloslagos.cl\/test\/blog\/2024\/10\/21\/top-de-puerto-montt-condena-a-5-anos-y-un-dia-de-presidio-a-autor-de-abuso-sexual-de-menor-de-14-anos\/","title":{"rendered":"TOP de Puerto Montt condena a 5 a\u00f1os y un d\u00eda de presidio a autor de abuso sexual de menor de 14 a\u00f1os"},"content":{"rendered":"\n<p>\u00fanica de 5 a\u00f1os y un d\u00eda de presidio efectivo, en calidad de autor del delito consumado y reiterado de abuso sexual de menor de 14 a\u00f1os. Il\u00edcito perpetrado en 2017 y 2018, en la comuna de Los Muermos.<\/p>\n\n\n\n<p>En fallo un\u00e1nime, el tribunal \u2013integrado por los jueces Jorge D\u00edaz Rojas (presidente), Patricia Miranda Alvarado (redactora) y Rosario C\u00e1rdenas Carvajal\u2013 dio por acreditado, m\u00e1s all\u00e1 de toda duda razonable, que desde fines de 2017 y hasta aproximadamente octubre de 2018, en un domicilio ubicado en un sector rural de la comuna de Los Muermos, el cual la v\u00edctima nacida en 2008, visitaba junto a su grupo familiar, en al menos en tres oportunidades, en d\u00edas y horarios indeterminados, cuando se quedaba a solas con la ni\u00f1a, el acusado O.B.I. le realiz\u00f3 actos de relevancia y significaci\u00f3n sexual.<\/p>\n\n\n\n<p>El tribunal, adem\u00e1s, aplic\u00f3 a O.B.I. las penas accesorias de inhabilitaci\u00f3n absoluta perpetua para cargos y oficios p\u00fablicos y derechos pol\u00edticos y la inhabilitaci\u00f3n absoluta para profesiones titulares mientras dure la condena; m\u00e1s las accesorias especiales de inhabilitaci\u00f3n absoluta perpetua para cargos, empleos, oficios o profesiones ejercidos en \u00e1mbitos educacionales o que involucren una relaci\u00f3n directa y habitual con menores de edad, y la sujeci\u00f3n a la vigilancia de la autoridad durante los 10 a\u00f1os siguientes al cumplimiento de la pena principal.&nbsp;<\/p>\n\n\n\n<p>Como medida de protecci\u00f3n, el tribunal impuso al sentenciado la prohibici\u00f3n de acercarse o tomar contacto con la v\u00edctima o su familia, visitar su domicilio, lugar de trabajo o establecimiento educacional.<\/p>\n\n\n\n<p>Una vez que el fallo quede ejecutoriado, el tribunal dispuso que se proceda a la toma de muestras biol\u00f3gicas del sentenciado para determinar su huella gen\u00e9tica e inclusi\u00f3n en el registro nacional de ADN de condenados.<\/p>\n","protected":false},"excerpt":{"rendered":"<p>\u00fanica de 5 a\u00f1os y un d\u00eda de presidio efectivo, en calidad de autor del delito consumado y reiterado de abuso sexual de menor de 14 a\u00f1os. Il\u00edcito perpetrado en..<\/p>\n","protected":false},"author":2,"featured_media":3955,"comment_status":"closed","ping_status":"open","sticky":false,"template":"","format":"standard","meta":{"footnotes":""},"categories":[28],"tags":[],"class_list":["post-3954","post","type-post","status-publish","format-standard","has-post-thumbnail","hentry","category-actual"],"rttpg_featured_image_url":{"full":["https:\/\/elconquistadorredloslagos.cl\/test\/wp-content\/uploads\/2024\/10\/TOP-y-Juzgado-de-Garantia-de-Puerto-Montt.jpg",1000,561,false],"landscape":["https:\/\/elconquistadorredloslagos.cl\/test\/wp-content\/uploads\/2024\/10\/TOP-y-Juzgado-de-Garantia-de-Puerto-Montt.jpg",1000,561,false],"portraits":["https:\/\/elconquistadorredloslagos.cl\/test\/wp-content\/uploads\/2024\/10\/TOP-y-Juzgado-de-Garantia-de-Puerto-Montt.jpg",1000,561,false],"thumbnail":["https:\/\/elconquistadorredloslagos.cl\/test\/wp-content\/uploads\/2024\/10\/TOP-y-Juzgado-de-Garantia-de-Puerto-Montt-150x150.jpg",150,150,true],"medium":["https:\/\/elconquistadorredloslagos.cl\/test\/wp-content\/uploads\/2024\/10\/TOP-y-Juzgado-de-Garantia-de-Puerto-Montt-300x168.jpg",300,168,true],"large":["https:\/\/elconquistadorredloslagos.cl\/test\/wp-content\/uploads\/2024\/10\/TOP-y-Juzgado-de-Garantia-de-Puerto-Montt.jpg",1000,561,false],"1536x1536":["https:\/\/elconquistadorredloslagos.cl\/test\/wp-content\/uploads\/2024\/10\/TOP-y-Juzgado-de-Garantia-de-Puerto-Montt.jpg",1000,561,false],"2048x2048":["https:\/\/elconquistadorredloslagos.cl\/test\/wp-content\/uploads\/2024\/10\/TOP-y-Juzgado-de-Garantia-de-Puerto-Montt.jpg",1000,561,false]},"rttpg_author":{"display_name":"ccardenas","author_link":"https:\/\/elconquistadorredloslagos.cl\/test\/blog\/author\/ccardenas\/"},"rttpg_comment":0,"rttpg_category":"<a href=\"https:\/\/elconquistadorredloslagos.cl\/test\/blog\/category\/actual\/\" rel=\"category tag\">Actualidad<\/a>","rttpg_excerpt":"\u00fanica de 5 a\u00f1os y un d\u00eda de presidio efectivo, en calidad de autor del delito consumado y reiterado de abuso sexual de menor de 14 a\u00f1os. Il\u00edcito perpetrado en..","_links":{"self":[{"href":"https:\/\/elconquistadorredloslagos.cl\/test\/wp-json\/wp\/v2\/posts\/3954","targetHints":{"allow":["GET"]}}],"collection":[{"href":"https:\/\/elconquistadorredloslagos.cl\/test\/wp-json\/wp\/v2\/posts"}],"about":[{"href":"https:\/\/elconquistadorredloslagos.cl\/test\/wp-json\/wp\/v2\/types\/post"}],"author":[{"embeddable":true,"href":"https:\/\/elconquistadorredloslagos.cl\/test\/wp-json\/wp\/v2\/users\/2"}],"replies":[{"embeddable":true,"href":"https:\/\/elconquistadorredloslagos.cl\/test\/wp-json\/wp\/v2\/comments?post=3954"}],"version-history":[{"count":1,"href":"https:\/\/elconquistadorredloslagos.cl\/test\/wp-json\/wp\/v2\/posts\/3954\/revisions"}],"predecessor-version":[{"id":3956,"href":"https:\/\/elconquistadorredloslagos.cl\/test\/wp-json\/wp\/v2\/posts\/3954\/revisions\/3956"}],"wp:featuredmedia":[{"embeddable":true,"href":"https:\/\/elconquistadorredloslagos.cl\/test\/wp-json\/wp\/v2\/media\/3955"}],"wp:attachment":[{"href":"https:\/\/elconquistadorredloslagos.cl\/test\/wp-json\/wp\/v2\/media?parent=3954"}],"wp:term":[{"taxonomy":"category","embeddable":true,"href":"https:\/\/elconquistadorredloslagos.cl\/test\/wp-json\/wp\/v2\/categories?post=3954"},{"taxonomy":"post_tag","embeddable":true,"href":"https:\/\/elconquistadorredloslagos.cl\/test\/wp-json\/wp\/v2\/tags?post=3954"}],"curies":[{"name":"wp","href":"https:\/\/api.w.org\/{rel}","templated":true}]}}