{"id":3949,"date":"2024-10-21T10:00:19","date_gmt":"2024-10-21T13:00:19","guid":{"rendered":"https:\/\/elconquistadorredloslagos.cl\/test\/?p=3949"},"modified":"2024-10-21T10:00:21","modified_gmt":"2024-10-21T13:00:21","slug":"alejandro-santana-propone-replicar-el-plan-bandera-que-redujo-homicidios-en-un-60-en-argentina","status":"publish","type":"post","link":"https:\/\/elconquistadorredloslagos.cl\/test\/blog\/2024\/10\/21\/alejandro-santana-propone-replicar-el-plan-bandera-que-redujo-homicidios-en-un-60-en-argentina\/","title":{"rendered":"Alejandro Santana propone replicar el \u00abPlan Bandera\u00bb, que redujo homicidios en un 60% en Argentina"},"content":{"rendered":"\n<p>El candidato a gobernador regional por Los Lagos, Alejandro Santana, espera, una vez que asuma como gobernador, presentar propuesta transversal para concretar un Plan de Seguridad Regional, inspirado en el exitoso \u00abPlan Bandera\u00bb implementado en Rosario, Argentina.<\/p>\n\n\n\n<p>Esta estrategia logr\u00f3 una reducci\u00f3n del 60% en la tasa de homicidios, demostrando que con pol\u00edticas de seguridad bien coordinadas es posible combatir eficazmente el crimen organizado y el narcotr\u00e1fico, sostuvo al ser recibido allende Los Andes por la ministra de Seguridad del gobierno trasandino Patricia Bullrich<\/p>\n\n\n\n<p>Santana subray\u00f3 que el \u00e9xito de cualquier plan de seguridad depende de la colaboraci\u00f3n entre los distintos niveles de gobierno. En este sentido, destac\u00f3 la necesidad de contar con el apoyo del gobierno del presidente Gabriel Boric, lo que permitir\u00e1 desarrollar una estrategia que priorice la seguridad de los ciudadanos de Los Lagos y asegure una respuesta contundente frente a las amenazas del crimen organizado.<\/p>\n\n\n\n<figure class=\"wp-block-audio\"><audio controls src=\"https:\/\/elconquistadorredloslagos.cl\/test\/wp-content\/uploads\/2024\/10\/SANTANA-POR-DELINCUENCIA-DESDE-ARGENTINA.mp3\"><\/audio><\/figure>\n\n\n\n<p>Alejandro Santana puso hincapi\u00e9 en la importancia de replicar modelos internacionales exitosos adaptados a la realidad local de Los Lagos. En su reciente viaje a Argentina, junto a Rodrigo Wainraihgt, candidato a alcalde de Puerto Montt, Santana se reuni\u00f3 con la ministra de Seguridad, Patricia Bullrich, para conocer en profundidad los detalles del \u00abPlan Bandera\u00bb. Esta experiencia refuerza su compromiso de implementar pol\u00edticas efectivas, probadas en otros pa\u00edses, que puedan contribuir a devolver la paz y la confianza a la ciudadan\u00eda de la regi\u00f3n.<\/p>\n\n\n\n<figure class=\"wp-block-audio\"><audio controls src=\"https:\/\/elconquistadorredloslagos.cl\/test\/wp-content\/uploads\/2024\/10\/RODRIGO-WAINRAIHGT.mp3\"><\/audio><\/figure>\n\n\n\n<p>El Plan que propondr\u00e1 Alejandro Santana al asumir la jefatura de la regi\u00f3n de Los Lagos buscar\u00e1 posicionar al territorio como una regi\u00f3n segura, mediante una estrategia integral y bien coordinada que tome en cuenta las mejores pr\u00e1cticas internacionales, mientras fortalece la cooperaci\u00f3n entre el gobierno regional y el nacional.<\/p>\n","protected":false},"excerpt":{"rendered":"<p>El candidato a gobernador regional por Los Lagos, Alejandro Santana, espera, una vez que asuma como gobernador, presentar propuesta transversal para concretar un Plan de Seguridad Regional, inspirado en el..<\/p>\n","protected":false},"author":2,"featured_media":0,"comment_status":"closed","ping_status":"open","sticky":false,"template":"","format":"standard","meta":{"footnotes":""},"categories":[1,28],"tags":[],"class_list":["post-3949","post","type-post","status-publish","format-standard","hentry","category-acontecer","category-actual"],"rttpg_featured_image_url":null,"rttpg_author":{"display_name":"ccardenas","author_link":"https:\/\/elconquistadorredloslagos.cl\/test\/blog\/author\/ccardenas\/"},"rttpg_comment":0,"rttpg_category":"<a href=\"https:\/\/elconquistadorredloslagos.cl\/test\/blog\/category\/actual\/acontecer\/\" rel=\"category tag\">Acontecer<\/a> <a href=\"https:\/\/elconquistadorredloslagos.cl\/test\/blog\/category\/actual\/\" rel=\"category tag\">Actualidad<\/a>","rttpg_excerpt":"El candidato a gobernador regional por Los Lagos, Alejandro Santana, espera, una vez que asuma como gobernador, presentar propuesta transversal para concretar un Plan de Seguridad Regional, inspirado en el..","_links":{"self":[{"href":"https:\/\/elconquistadorredloslagos.cl\/test\/wp-json\/wp\/v2\/posts\/3949","targetHints":{"allow":["GET"]}}],"collection":[{"href":"https:\/\/elconquistadorredloslagos.cl\/test\/wp-json\/wp\/v2\/posts"}],"about":[{"href":"https:\/\/elconquistadorredloslagos.cl\/test\/wp-json\/wp\/v2\/types\/post"}],"author":[{"embeddable":true,"href":"https:\/\/elconquistadorredloslagos.cl\/test\/wp-json\/wp\/v2\/users\/2"}],"replies":[{"embeddable":true,"href":"https:\/\/elconquistadorredloslagos.cl\/test\/wp-json\/wp\/v2\/comments?post=3949"}],"version-history":[{"count":1,"href":"https:\/\/elconquistadorredloslagos.cl\/test\/wp-json\/wp\/v2\/posts\/3949\/revisions"}],"predecessor-version":[{"id":3953,"href":"https:\/\/elconquistadorredloslagos.cl\/test\/wp-json\/wp\/v2\/posts\/3949\/revisions\/3953"}],"wp:attachment":[{"href":"https:\/\/elconquistadorredloslagos.cl\/test\/wp-json\/wp\/v2\/media?parent=3949"}],"wp:term":[{"taxonomy":"category","embeddable":true,"href":"https:\/\/elconquistadorredloslagos.cl\/test\/wp-json\/wp\/v2\/categories?post=3949"},{"taxonomy":"post_tag","embeddable":true,"href":"https:\/\/elconquistadorredloslagos.cl\/test\/wp-json\/wp\/v2\/tags?post=3949"}],"curies":[{"name":"wp","href":"https:\/\/api.w.org\/{rel}","templated":true}]}}