{"id":3842,"date":"2024-10-16T18:51:22","date_gmt":"2024-10-16T21:51:22","guid":{"rendered":"https:\/\/elconquistadorredloslagos.cl\/test\/?p=3842"},"modified":"2024-10-16T18:51:23","modified_gmt":"2024-10-16T21:51:23","slug":"sergio-munoz-es-destituido-de-la-corte-suprema-tras-aprobarse-la-acusacion-constitucional-en-su-contra","status":"publish","type":"post","link":"https:\/\/elconquistadorredloslagos.cl\/test\/blog\/2024\/10\/16\/sergio-munoz-es-destituido-de-la-corte-suprema-tras-aprobarse-la-acusacion-constitucional-en-su-contra\/","title":{"rendered":"Sergio Mu\u00f1oz es destituido de la Corte Suprema tras aprobarse la acusaci\u00f3n constitucional en su contra"},"content":{"rendered":"\n<h5 class=\"wp-block-heading\"><em>Luego de un intenso debate de siete horas, el Senado aprob\u00f3 la acusaci\u00f3n constitucional contra el ministro de la Corte Suprema, Sergio Mu\u00f1oz, lo que result\u00f3 en su destituci\u00f3n y la prohibici\u00f3n de ejercer cargos p\u00fablicos por cinco a\u00f1os.<\/em><\/h5>\n\n\n\n<p>Cabe recordar que la medida fue impulsada por los diputados de Chile Vamos y respaldada por senadores de la coalici\u00f3n, junto con legisladores del Partido Republicano, Partido Social Cristiano, el independiente Karim Bianchi y los dem\u00f3cratas Ximena Rinc\u00f3n y Mat\u00edas Walker.<\/p>\n\n\n\n<p>En un primer cap\u00edtulo de la acusaci\u00f3n, que imputaba a Mu\u00f1oz de \u201cnotable abandono de deberes\u201d por anticipar un fallo que beneficiar\u00eda a su hija y no declarar su inhabilidad en el caso, fue aprobado con 27 votos a favor y 21 en contra. El segundo cap\u00edtulo, que lo acusaba de omitir funciones correccionales y no denunciar la actuaci\u00f3n de su hija fuera de su jurisdicci\u00f3n, fue aprobado con 25 votos a favor y 23 en contra.<\/p>\n\n\n\n<p>Hay que recordar que un elemento que gener\u00f3 controversia fue el permiso constitucional solicitado por la senadora Paulina N\u00fa\u00f1ez (RN), lo que redujo el qu\u00f3rum necesario de 26 a 25 votos, provocando cr\u00edticas desde el oficialismo, aunque de todos modos el primer cap\u00edtulo obtuvo 27 votos a favor. Ricardo Lagos Weber (PPD) expres\u00f3 que \u201cla solicitud del permiso genera un ambiente muy negativo\u201d, mientras que la senadora Paulina Vodanovic (PS) denunci\u00f3 presuntas amenazas contra N\u00fa\u00f1ez por no asistir a votar debido a su posnatal.<\/p>\n\n\n\n<p>Sergio Mu\u00f1oz fue acusado por haber filtrado a su hija, la jueza Graciel Mu\u00f1oz, informaci\u00f3n sobre un fallo que afectaba su patrimonio y por no declarar su inhabilidad en dicho caso. No obstante, desde el oficialismo se argument\u00f3 que la destituci\u00f3n es un \u201ccastigo\u201d por su trayectoria, especialmente por sus fallos relacionados con derechos humanos y casos de alto impacto.<\/p>\n\n\n\n<p class=\"has-text-align-center\"><strong>\u201cAjuste de cuentas\u201d y \u201cno es una vendetta\u201d<\/strong><\/p>\n\n\n\n<p><br>El senador Gast\u00f3n Saavedra (PS) critic\u00f3 la medida, afirmando que \u201cesto es un ajuste de cuentas por su trayectoria, m\u00e1s que por una falta que justifique su destituci\u00f3n\u201d. La senadora Vodanovic a\u00f1adi\u00f3 que la destituci\u00f3n pone en riesgo la independencia del Poder Judicial.<\/p>\n\n\n\n<p>En tanto, la oposici\u00f3n, liderada por la senadora Luz Ebensperger (UDI), descart\u00f3 las acusaciones de represalia pol\u00edtica. Ebensperger afirm\u00f3 que el proceso se bas\u00f3 en una \u201cponderaci\u00f3n de hechos antecedentes y probanzas\u201d, y no en una \u201cvendetta\u201d. Otros senadores como Alejandra Sep\u00falveda (IND) y Francisco Huenchumilla (DC) criticaron la forma en que se llev\u00f3 a cabo el proceso, calific\u00e1ndolo como \u201cviciado\u201d y \u201cuna aberraci\u00f3n\u201d legal.<\/p>\n\n\n\n<p>Por El Conquistador Red Los Lagos. Foto C.P.<\/p>\n","protected":false},"excerpt":{"rendered":"<p>Luego de un intenso debate de siete horas, el Senado aprob\u00f3 la acusaci\u00f3n constitucional contra el ministro de la Corte Suprema, Sergio Mu\u00f1oz, lo que result\u00f3 en su destituci\u00f3n y..<\/p>\n","protected":false},"author":7,"featured_media":3843,"comment_status":"closed","ping_status":"open","sticky":false,"template":"","format":"standard","meta":{"footnotes":""},"categories":[28],"tags":[],"class_list":["post-3842","post","type-post","status-publish","format-standard","has-post-thumbnail","hentry","category-actual"],"rttpg_featured_image_url":{"full":["https:\/\/elconquistadorredloslagos.cl\/test\/wp-content\/uploads\/2024\/10\/Sergio-Munoz-1.png",1920,1080,false],"landscape":["https:\/\/elconquistadorredloslagos.cl\/test\/wp-content\/uploads\/2024\/10\/Sergio-Munoz-1.png",1920,1080,false],"portraits":["https:\/\/elconquistadorredloslagos.cl\/test\/wp-content\/uploads\/2024\/10\/Sergio-Munoz-1.png",1920,1080,false],"thumbnail":["https:\/\/elconquistadorredloslagos.cl\/test\/wp-content\/uploads\/2024\/10\/Sergio-Munoz-1-150x150.png",150,150,true],"medium":["https:\/\/elconquistadorredloslagos.cl\/test\/wp-content\/uploads\/2024\/10\/Sergio-Munoz-1-300x169.png",300,169,true],"large":["https:\/\/elconquistadorredloslagos.cl\/test\/wp-content\/uploads\/2024\/10\/Sergio-Munoz-1-1024x576.png",1024,576,true],"1536x1536":["https:\/\/elconquistadorredloslagos.cl\/test\/wp-content\/uploads\/2024\/10\/Sergio-Munoz-1-1536x864.png",1536,864,true],"2048x2048":["https:\/\/elconquistadorredloslagos.cl\/test\/wp-content\/uploads\/2024\/10\/Sergio-Munoz-1.png",1920,1080,false]},"rttpg_author":{"display_name":"enzodelahoz1988","author_link":"https:\/\/elconquistadorredloslagos.cl\/test\/blog\/author\/enzodelahoz1988\/"},"rttpg_comment":0,"rttpg_category":"<a href=\"https:\/\/elconquistadorredloslagos.cl\/test\/blog\/category\/actual\/\" rel=\"category tag\">Actualidad<\/a>","rttpg_excerpt":"Luego de un intenso debate de siete horas, el Senado aprob\u00f3 la acusaci\u00f3n constitucional contra el ministro de la Corte Suprema, Sergio Mu\u00f1oz, lo que result\u00f3 en su destituci\u00f3n y..","_links":{"self":[{"href":"https:\/\/elconquistadorredloslagos.cl\/test\/wp-json\/wp\/v2\/posts\/3842","targetHints":{"allow":["GET"]}}],"collection":[{"href":"https:\/\/elconquistadorredloslagos.cl\/test\/wp-json\/wp\/v2\/posts"}],"about":[{"href":"https:\/\/elconquistadorredloslagos.cl\/test\/wp-json\/wp\/v2\/types\/post"}],"author":[{"embeddable":true,"href":"https:\/\/elconquistadorredloslagos.cl\/test\/wp-json\/wp\/v2\/users\/7"}],"replies":[{"embeddable":true,"href":"https:\/\/elconquistadorredloslagos.cl\/test\/wp-json\/wp\/v2\/comments?post=3842"}],"version-history":[{"count":1,"href":"https:\/\/elconquistadorredloslagos.cl\/test\/wp-json\/wp\/v2\/posts\/3842\/revisions"}],"predecessor-version":[{"id":3844,"href":"https:\/\/elconquistadorredloslagos.cl\/test\/wp-json\/wp\/v2\/posts\/3842\/revisions\/3844"}],"wp:featuredmedia":[{"embeddable":true,"href":"https:\/\/elconquistadorredloslagos.cl\/test\/wp-json\/wp\/v2\/media\/3843"}],"wp:attachment":[{"href":"https:\/\/elconquistadorredloslagos.cl\/test\/wp-json\/wp\/v2\/media?parent=3842"}],"wp:term":[{"taxonomy":"category","embeddable":true,"href":"https:\/\/elconquistadorredloslagos.cl\/test\/wp-json\/wp\/v2\/categories?post=3842"},{"taxonomy":"post_tag","embeddable":true,"href":"https:\/\/elconquistadorredloslagos.cl\/test\/wp-json\/wp\/v2\/tags?post=3842"}],"curies":[{"name":"wp","href":"https:\/\/api.w.org\/{rel}","templated":true}]}}