{"id":3839,"date":"2024-10-16T18:13:39","date_gmt":"2024-10-16T21:13:39","guid":{"rendered":"https:\/\/elconquistadorredloslagos.cl\/test\/?p=3839"},"modified":"2024-10-16T18:13:39","modified_gmt":"2024-10-16T21:13:39","slug":"chile-recibe-delegados-internacionales-en-masivo-evento-que-promete-buenas-noticias","status":"publish","type":"post","link":"https:\/\/elconquistadorredloslagos.cl\/test\/blog\/2024\/10\/16\/chile-recibe-delegados-internacionales-en-masivo-evento-que-promete-buenas-noticias\/","title":{"rendered":"Chile recibe delegados internacionales en masivo evento que promete \u201cBuenas Noticias\u201d"},"content":{"rendered":"\n<p>Este viernes 18 y hasta el 20 de octubre se llevar\u00e1 a cabo la segunda asamblea internacional que espera recibir a m\u00e1s de 2.500 delegados internacionales, replicando lo que fue la primera de ellas que se realiz\u00f3 de manera exitosa a fines de septiembre que llen\u00f3 de colorido el centro de convenciones El Tr\u00e9bol, ubicado en la comuna de Padre Hurtado, regi\u00f3n Metropolitana, que esta vez, espera la llegada de unos 20 mil asistentes quienes participar\u00e1n de un nutrido programa audiovisual enfocado en c\u00f3mo la Biblia puede mejorar la vida de las personas y darles una esperanza de un futuro mejor.<\/p>\n\n\n\n<p>Provenientes de m\u00e1s de 15 pa\u00edses -entre los que est\u00e1n Corea del Sur, Hungr\u00eda, Estados Unidos, Tailandia y Sud\u00e1frica- han llegado a nuestro pa\u00eds para participar de los dos eventos internacionales que forman parte de la serie de asambleas \u201c\u00a1Prediquemos las buenas noticias!\u201d, organizadas por los testigos de Jehov\u00e1.<br>Chile es el \u00fanico pa\u00eds del mundo en ser seleccionado para ser sede de dos de los 15 encuentros de alta convocatoria internacional -tambi\u00e9n conocidos como \u201casambleas especiales\u201d- que los Testigos realizar\u00e1n este a\u00f1o.<\/p>\n\n\n\n<p>Impacto en el turismo<\/p>\n\n\n\n<p>Se espera que, en total, lleguen alrededor de 5 mil delegados internacionales los que ya han copado los espacios en hoteles y restaurantes de Santiago. Adem\u00e1s, algunos de ellos participar\u00e1n de una serie de actividades tanto en la capital, como en Vi\u00f1a del Mar, Valpara\u00edso, Pomaire y Algarrobo. Varias de estas actividades ya tuvieron lugar durante septiembre y han significado un importante desembolso de divisas para el sector tur\u00edstico, adem\u00e1s de un positivo impacto en la comunidad.<\/p>\n","protected":false},"excerpt":{"rendered":"<p>Este viernes 18 y hasta el 20 de octubre se llevar\u00e1 a cabo la segunda asamblea internacional que espera recibir a m\u00e1s de 2.500 delegados internacionales, replicando lo que fue..<\/p>\n","protected":false},"author":2,"featured_media":3840,"comment_status":"closed","ping_status":"open","sticky":false,"template":"","format":"standard","meta":{"footnotes":""},"categories":[1,28],"tags":[],"class_list":["post-3839","post","type-post","status-publish","format-standard","has-post-thumbnail","hentry","category-acontecer","category-actual"],"rttpg_featured_image_url":{"full":["https:\/\/elconquistadorredloslagos.cl\/test\/wp-content\/uploads\/2024\/10\/WhatsApp-Image-2024-10-16-at-18.09.16.jpeg",1600,1066,false],"landscape":["https:\/\/elconquistadorredloslagos.cl\/test\/wp-content\/uploads\/2024\/10\/WhatsApp-Image-2024-10-16-at-18.09.16.jpeg",1600,1066,false],"portraits":["https:\/\/elconquistadorredloslagos.cl\/test\/wp-content\/uploads\/2024\/10\/WhatsApp-Image-2024-10-16-at-18.09.16.jpeg",1600,1066,false],"thumbnail":["https:\/\/elconquistadorredloslagos.cl\/test\/wp-content\/uploads\/2024\/10\/WhatsApp-Image-2024-10-16-at-18.09.16-150x150.jpeg",150,150,true],"medium":["https:\/\/elconquistadorredloslagos.cl\/test\/wp-content\/uploads\/2024\/10\/WhatsApp-Image-2024-10-16-at-18.09.16-300x200.jpeg",300,200,true],"large":["https:\/\/elconquistadorredloslagos.cl\/test\/wp-content\/uploads\/2024\/10\/WhatsApp-Image-2024-10-16-at-18.09.16-1024x682.jpeg",1024,682,true],"1536x1536":["https:\/\/elconquistadorredloslagos.cl\/test\/wp-content\/uploads\/2024\/10\/WhatsApp-Image-2024-10-16-at-18.09.16-1536x1023.jpeg",1536,1023,true],"2048x2048":["https:\/\/elconquistadorredloslagos.cl\/test\/wp-content\/uploads\/2024\/10\/WhatsApp-Image-2024-10-16-at-18.09.16.jpeg",1600,1066,false]},"rttpg_author":{"display_name":"ccardenas","author_link":"https:\/\/elconquistadorredloslagos.cl\/test\/blog\/author\/ccardenas\/"},"rttpg_comment":0,"rttpg_category":"<a href=\"https:\/\/elconquistadorredloslagos.cl\/test\/blog\/category\/actual\/acontecer\/\" rel=\"category tag\">Acontecer<\/a> <a href=\"https:\/\/elconquistadorredloslagos.cl\/test\/blog\/category\/actual\/\" rel=\"category tag\">Actualidad<\/a>","rttpg_excerpt":"Este viernes 18 y hasta el 20 de octubre se llevar\u00e1 a cabo la segunda asamblea internacional que espera recibir a m\u00e1s de 2.500 delegados internacionales, replicando lo que fue..","_links":{"self":[{"href":"https:\/\/elconquistadorredloslagos.cl\/test\/wp-json\/wp\/v2\/posts\/3839","targetHints":{"allow":["GET"]}}],"collection":[{"href":"https:\/\/elconquistadorredloslagos.cl\/test\/wp-json\/wp\/v2\/posts"}],"about":[{"href":"https:\/\/elconquistadorredloslagos.cl\/test\/wp-json\/wp\/v2\/types\/post"}],"author":[{"embeddable":true,"href":"https:\/\/elconquistadorredloslagos.cl\/test\/wp-json\/wp\/v2\/users\/2"}],"replies":[{"embeddable":true,"href":"https:\/\/elconquistadorredloslagos.cl\/test\/wp-json\/wp\/v2\/comments?post=3839"}],"version-history":[{"count":1,"href":"https:\/\/elconquistadorredloslagos.cl\/test\/wp-json\/wp\/v2\/posts\/3839\/revisions"}],"predecessor-version":[{"id":3841,"href":"https:\/\/elconquistadorredloslagos.cl\/test\/wp-json\/wp\/v2\/posts\/3839\/revisions\/3841"}],"wp:featuredmedia":[{"embeddable":true,"href":"https:\/\/elconquistadorredloslagos.cl\/test\/wp-json\/wp\/v2\/media\/3840"}],"wp:attachment":[{"href":"https:\/\/elconquistadorredloslagos.cl\/test\/wp-json\/wp\/v2\/media?parent=3839"}],"wp:term":[{"taxonomy":"category","embeddable":true,"href":"https:\/\/elconquistadorredloslagos.cl\/test\/wp-json\/wp\/v2\/categories?post=3839"},{"taxonomy":"post_tag","embeddable":true,"href":"https:\/\/elconquistadorredloslagos.cl\/test\/wp-json\/wp\/v2\/tags?post=3839"}],"curies":[{"name":"wp","href":"https:\/\/api.w.org\/{rel}","templated":true}]}}