{"id":3836,"date":"2024-10-16T17:14:30","date_gmt":"2024-10-16T20:14:30","guid":{"rendered":"https:\/\/elconquistadorredloslagos.cl\/test\/?p=3836"},"modified":"2024-10-16T17:14:30","modified_gmt":"2024-10-16T20:14:30","slug":"autoridades-de-los-lagos-y-la-araucania-coordinan-estrategias-de-seguridad-para-sectores-productivos","status":"publish","type":"post","link":"https:\/\/elconquistadorredloslagos.cl\/test\/blog\/2024\/10\/16\/autoridades-de-los-lagos-y-la-araucania-coordinan-estrategias-de-seguridad-para-sectores-productivos\/","title":{"rendered":"Autoridades de Los Lagos y La Araucan\u00eda coordinan estrategias de seguridad para sectores productivos"},"content":{"rendered":"\n<p>En dependencias del Centro Administrativo Regional, la Delegada Presidencial Regional de Los Lagos, Giovanna Moreira, junto al Delegado Presidencial Regional de La Araucan\u00eda, Jos\u00e9 Montalva, encabezaron una reuni\u00f3n de an\u00e1lisis y propuestas con el objetivo de coordinar estrategias de seguridad interregionales para sectores productivos.<\/p>\n\n\n\n<p>El robo de recursos marinos y robo de madera fueron algunos de los temas tratados en la mesa de trabajo, donde participaron el Delegado Presidencial Provincial del Ranco, Alejandro Reyes; el Seremi de Econom\u00eda, Fomento y Turismo, Luis C\u00e1rdenas; el Director Regional de Sernapesca; Cristi\u00e1n Hudson; el Gobernador Mar\u00edtimo de Puerto Montt, Capit\u00e1n de Nav\u00edo Dinson Baack; jefes regionales de Carabineros de Chile, Polic\u00eda de Investigaciones y Fiscal\u00eda de ambas regiones, adem\u00e1s de representantes de SalmonChile.<\/p>\n\n\n\n<p>ras la reuni\u00f3n, la Delegada Presidencial Regional de Los Lagos, Giovanna Moreira, indic\u00f3 que el objetivo \u201ces seguir fortaleciendo las estrategias de seguridad que hemos tomado en torno a los consejos regionales contra el crimen organizado, donde no tan s\u00f3lo revisamos lo avances que tiene cada una de las regiones en torno a los delitos que hemos priorizado cada uno, sino que tambi\u00e9n es importante comprender d\u00f3nde se produce este producto, salmones, cu\u00e1l es la ruta para que salga al extranjero y es desde ah\u00ed donde tenemos que tener estrategias de seguridad , que nos permita entregar certezas a la industria para aumentar tambi\u00e9n la inversi\u00f3n en cada una de nuestras regiones\u201d.<br>\u201cEl d\u00eda de hoy ha sido sumamente positivo porque hemos podido conversa<\/p>\n","protected":false},"excerpt":{"rendered":"<p>En dependencias del Centro Administrativo Regional, la Delegada Presidencial Regional de Los Lagos, Giovanna Moreira, junto al Delegado Presidencial Regional de La Araucan\u00eda, Jos\u00e9 Montalva, encabezaron una reuni\u00f3n de an\u00e1lisis..<\/p>\n","protected":false},"author":2,"featured_media":3837,"comment_status":"closed","ping_status":"open","sticky":false,"template":"","format":"standard","meta":{"footnotes":""},"categories":[28],"tags":[],"class_list":["post-3836","post","type-post","status-publish","format-standard","has-post-thumbnail","hentry","category-actual"],"rttpg_featured_image_url":{"full":["https:\/\/elconquistadorredloslagos.cl\/test\/wp-content\/uploads\/2024\/10\/463023902_17980230674753601_7495832101477132324_n.jpg",1080,607,false],"landscape":["https:\/\/elconquistadorredloslagos.cl\/test\/wp-content\/uploads\/2024\/10\/463023902_17980230674753601_7495832101477132324_n.jpg",1080,607,false],"portraits":["https:\/\/elconquistadorredloslagos.cl\/test\/wp-content\/uploads\/2024\/10\/463023902_17980230674753601_7495832101477132324_n.jpg",1080,607,false],"thumbnail":["https:\/\/elconquistadorredloslagos.cl\/test\/wp-content\/uploads\/2024\/10\/463023902_17980230674753601_7495832101477132324_n-150x150.jpg",150,150,true],"medium":["https:\/\/elconquistadorredloslagos.cl\/test\/wp-content\/uploads\/2024\/10\/463023902_17980230674753601_7495832101477132324_n-300x169.jpg",300,169,true],"large":["https:\/\/elconquistadorredloslagos.cl\/test\/wp-content\/uploads\/2024\/10\/463023902_17980230674753601_7495832101477132324_n-1024x576.jpg",1024,576,true],"1536x1536":["https:\/\/elconquistadorredloslagos.cl\/test\/wp-content\/uploads\/2024\/10\/463023902_17980230674753601_7495832101477132324_n.jpg",1080,607,false],"2048x2048":["https:\/\/elconquistadorredloslagos.cl\/test\/wp-content\/uploads\/2024\/10\/463023902_17980230674753601_7495832101477132324_n.jpg",1080,607,false]},"rttpg_author":{"display_name":"ccardenas","author_link":"https:\/\/elconquistadorredloslagos.cl\/test\/blog\/author\/ccardenas\/"},"rttpg_comment":0,"rttpg_category":"<a href=\"https:\/\/elconquistadorredloslagos.cl\/test\/blog\/category\/actual\/\" rel=\"category tag\">Actualidad<\/a>","rttpg_excerpt":"En dependencias del Centro Administrativo Regional, la Delegada Presidencial Regional de Los Lagos, Giovanna Moreira, junto al Delegado Presidencial Regional de La Araucan\u00eda, Jos\u00e9 Montalva, encabezaron una reuni\u00f3n de an\u00e1lisis..","_links":{"self":[{"href":"https:\/\/elconquistadorredloslagos.cl\/test\/wp-json\/wp\/v2\/posts\/3836","targetHints":{"allow":["GET"]}}],"collection":[{"href":"https:\/\/elconquistadorredloslagos.cl\/test\/wp-json\/wp\/v2\/posts"}],"about":[{"href":"https:\/\/elconquistadorredloslagos.cl\/test\/wp-json\/wp\/v2\/types\/post"}],"author":[{"embeddable":true,"href":"https:\/\/elconquistadorredloslagos.cl\/test\/wp-json\/wp\/v2\/users\/2"}],"replies":[{"embeddable":true,"href":"https:\/\/elconquistadorredloslagos.cl\/test\/wp-json\/wp\/v2\/comments?post=3836"}],"version-history":[{"count":1,"href":"https:\/\/elconquistadorredloslagos.cl\/test\/wp-json\/wp\/v2\/posts\/3836\/revisions"}],"predecessor-version":[{"id":3838,"href":"https:\/\/elconquistadorredloslagos.cl\/test\/wp-json\/wp\/v2\/posts\/3836\/revisions\/3838"}],"wp:featuredmedia":[{"embeddable":true,"href":"https:\/\/elconquistadorredloslagos.cl\/test\/wp-json\/wp\/v2\/media\/3837"}],"wp:attachment":[{"href":"https:\/\/elconquistadorredloslagos.cl\/test\/wp-json\/wp\/v2\/media?parent=3836"}],"wp:term":[{"taxonomy":"category","embeddable":true,"href":"https:\/\/elconquistadorredloslagos.cl\/test\/wp-json\/wp\/v2\/categories?post=3836"},{"taxonomy":"post_tag","embeddable":true,"href":"https:\/\/elconquistadorredloslagos.cl\/test\/wp-json\/wp\/v2\/tags?post=3836"}],"curies":[{"name":"wp","href":"https:\/\/api.w.org\/{rel}","templated":true}]}}