{"id":3775,"date":"2024-10-14T19:59:26","date_gmt":"2024-10-14T22:59:26","guid":{"rendered":"https:\/\/elconquistadorredloslagos.cl\/test\/?p=3775"},"modified":"2024-10-14T19:59:26","modified_gmt":"2024-10-14T22:59:26","slug":"castro-prision-preventiva-para-sujeto-acusado-de-atacar-a-otra-persona-con-arma-blanca","status":"publish","type":"post","link":"https:\/\/elconquistadorredloslagos.cl\/test\/blog\/2024\/10\/14\/castro-prision-preventiva-para-sujeto-acusado-de-atacar-a-otra-persona-con-arma-blanca\/","title":{"rendered":"Castro: prisi\u00f3n preventiva para sujeto acusado de atacar a otra persona con arma blanca"},"content":{"rendered":"\n<p>En prisi\u00f3n preventiva qued\u00f3 un sujeto a quien se le acusa de atacar con arma blanca y herir gravemente a una v\u00edctima.<\/p>\n\n\n\n<p>El il\u00edcito fue cometido en las afueras de la Feria Jos\u00e9 Sandoval hace solo unos d\u00edas, en un nuevo hecho de violencia en esa zona de la ciudad de Castro, lo que ha motivado una serie de reuniones de coordinaci\u00f3n entre organismos para otorgar mayor seguridad a los vecinos.<\/p>\n\n\n\n<p>Detalles entreg\u00f3 el fiscal (S) Cristian Mena, de la fiscal\u00eda de la comuna de Quinchao, quien indic\u00f3 que se investiga este delito como homicidio en car\u00e1cter de frustrado.\u00a0<\/p>\n\n\n\n<p>El Ministerio P\u00fablico determin\u00f3 un plazo de investigaci\u00f3n de 90 d\u00edas.<\/p>\n","protected":false},"excerpt":{"rendered":"<p>En prisi\u00f3n preventiva qued\u00f3 un sujeto a quien se le acusa de atacar con arma blanca y herir gravemente a una v\u00edctima. El il\u00edcito fue cometido en las afueras de..<\/p>\n","protected":false},"author":2,"featured_media":3776,"comment_status":"closed","ping_status":"open","sticky":false,"template":"","format":"standard","meta":{"footnotes":""},"categories":[1,28],"tags":[],"class_list":["post-3775","post","type-post","status-publish","format-standard","has-post-thumbnail","hentry","category-acontecer","category-actual"],"rttpg_featured_image_url":{"full":["https:\/\/elconquistadorredloslagos.cl\/test\/wp-content\/uploads\/2024\/10\/Juzgado.jpg",684,493,false],"landscape":["https:\/\/elconquistadorredloslagos.cl\/test\/wp-content\/uploads\/2024\/10\/Juzgado.jpg",684,493,false],"portraits":["https:\/\/elconquistadorredloslagos.cl\/test\/wp-content\/uploads\/2024\/10\/Juzgado.jpg",684,493,false],"thumbnail":["https:\/\/elconquistadorredloslagos.cl\/test\/wp-content\/uploads\/2024\/10\/Juzgado-150x150.jpg",150,150,true],"medium":["https:\/\/elconquistadorredloslagos.cl\/test\/wp-content\/uploads\/2024\/10\/Juzgado-300x216.jpg",300,216,true],"large":["https:\/\/elconquistadorredloslagos.cl\/test\/wp-content\/uploads\/2024\/10\/Juzgado.jpg",684,493,false],"1536x1536":["https:\/\/elconquistadorredloslagos.cl\/test\/wp-content\/uploads\/2024\/10\/Juzgado.jpg",684,493,false],"2048x2048":["https:\/\/elconquistadorredloslagos.cl\/test\/wp-content\/uploads\/2024\/10\/Juzgado.jpg",684,493,false]},"rttpg_author":{"display_name":"ccardenas","author_link":"https:\/\/elconquistadorredloslagos.cl\/test\/blog\/author\/ccardenas\/"},"rttpg_comment":0,"rttpg_category":"<a href=\"https:\/\/elconquistadorredloslagos.cl\/test\/blog\/category\/actual\/acontecer\/\" rel=\"category tag\">Acontecer<\/a> <a href=\"https:\/\/elconquistadorredloslagos.cl\/test\/blog\/category\/actual\/\" rel=\"category tag\">Actualidad<\/a>","rttpg_excerpt":"En prisi\u00f3n preventiva qued\u00f3 un sujeto a quien se le acusa de atacar con arma blanca y herir gravemente a una v\u00edctima. El il\u00edcito fue cometido en las afueras de..","_links":{"self":[{"href":"https:\/\/elconquistadorredloslagos.cl\/test\/wp-json\/wp\/v2\/posts\/3775","targetHints":{"allow":["GET"]}}],"collection":[{"href":"https:\/\/elconquistadorredloslagos.cl\/test\/wp-json\/wp\/v2\/posts"}],"about":[{"href":"https:\/\/elconquistadorredloslagos.cl\/test\/wp-json\/wp\/v2\/types\/post"}],"author":[{"embeddable":true,"href":"https:\/\/elconquistadorredloslagos.cl\/test\/wp-json\/wp\/v2\/users\/2"}],"replies":[{"embeddable":true,"href":"https:\/\/elconquistadorredloslagos.cl\/test\/wp-json\/wp\/v2\/comments?post=3775"}],"version-history":[{"count":1,"href":"https:\/\/elconquistadorredloslagos.cl\/test\/wp-json\/wp\/v2\/posts\/3775\/revisions"}],"predecessor-version":[{"id":3777,"href":"https:\/\/elconquistadorredloslagos.cl\/test\/wp-json\/wp\/v2\/posts\/3775\/revisions\/3777"}],"wp:featuredmedia":[{"embeddable":true,"href":"https:\/\/elconquistadorredloslagos.cl\/test\/wp-json\/wp\/v2\/media\/3776"}],"wp:attachment":[{"href":"https:\/\/elconquistadorredloslagos.cl\/test\/wp-json\/wp\/v2\/media?parent=3775"}],"wp:term":[{"taxonomy":"category","embeddable":true,"href":"https:\/\/elconquistadorredloslagos.cl\/test\/wp-json\/wp\/v2\/categories?post=3775"},{"taxonomy":"post_tag","embeddable":true,"href":"https:\/\/elconquistadorredloslagos.cl\/test\/wp-json\/wp\/v2\/tags?post=3775"}],"curies":[{"name":"wp","href":"https:\/\/api.w.org\/{rel}","templated":true}]}}