{"id":3660,"date":"2024-10-09T18:37:40","date_gmt":"2024-10-09T21:37:40","guid":{"rendered":"https:\/\/elconquistadorredloslagos.cl\/test\/?p=3660"},"modified":"2024-10-09T18:37:41","modified_gmt":"2024-10-09T21:37:41","slug":"direccion-de-educacion-publica-nombra-a-directora-delegada-y-coordinador-de-gestion-institucional-del-servicio-local-chiloe","status":"publish","type":"post","link":"https:\/\/elconquistadorredloslagos.cl\/test\/blog\/2024\/10\/09\/direccion-de-educacion-publica-nombra-a-directora-delegada-y-coordinador-de-gestion-institucional-del-servicio-local-chiloe\/","title":{"rendered":"Direcci\u00f3n de Educaci\u00f3n P\u00fablica nombra a directora delegada y coordinador de Gesti\u00f3n Institucional del Servicio Local Chilo\u00e9"},"content":{"rendered":"\n<p>En el marco del proceso de instalaci\u00f3n del nuevo Servicio Local de Educaci\u00f3n P\u00fablica (SLEP) de Chilo\u00e9 y la puesta en marcha de un plan integral de traspaso, la Direcci\u00f3n de Educaci\u00f3n P\u00fablica (DEP), en su rol de conducir estrat\u00e9gicamente el sistema de Nueva Educaci\u00f3n P\u00fablica, nombr\u00f3 a la subdirectora de Desarrollo Estrat\u00e9gico del organismo, Ang\u00e9lica Fuenzalida Ram\u00edrez, como directora delegada del SLEP Chilo\u00e9.<\/p>\n\n\n\n<p>Adem\u00e1s, con el objetivo avanzar in situ junto con las comunidades y actores relevantes de las comunas de Castro, Ancud, Chonchi, Curaco de V\u00e9lez, Dalcahue, Puqueld\u00f3n, Queil\u00e9n, Quell\u00f3n, Quemchi y Quinchao, la DEP nombr\u00f3 a Basilios Peftouloglou Gattas como coordinador de Gesti\u00f3n Institucional del SLEP en el territorio.<\/p>\n\n\n\n<p>El director de la DEP, Rodrigo Ega\u00f1a, sostuvo que \u201cdesde la Direcci\u00f3n, junto con el Ministerio de Educaci\u00f3n, buscamos avanzar con celeridad en los diferentes procesos administrativos que se requieran para facilitar la correcta instalaci\u00f3n y funcionamiento del SLEP trabajando desde el nivel central, pero tambi\u00e9n con presencia permanente en el territorio, trabajando de la mano con los municipios y comunidades educativas, a fin de dar respuestas y certezas de cara el futuro traspaso educacional\u201d.<\/p>\n\n\n\n<p>De acuerdo con el inciso &nbsp;4\u00b0 del art\u00edculo trig\u00e9simo quinto transitorio de la ley&nbsp; 21.040, el Director Delegado tendr\u00e1 la facultad de dictar diferentes actos administrativos del SLEP, como los que definan la estructura y organizaci\u00f3n interna del organismo, la gesti\u00f3n de las contrataciones iniciales de funcionarios, el nombramiento de cargos directivos, el avance de los concursos internos de ingreso a la planta, la habilitaci\u00f3n de oficinas, la adquisici\u00f3n de computadores, la compra de un veh\u00edculo fiscal, definir el PMG y CDC, habilitar el sistema de<\/p>\n\n\n\n<p>remuneraciones, elaborar el plan Anual de Compras, la gesti\u00f3n de compras cr\u00edticas y elaborar el primer Plan Anual.<\/p>\n\n\n\n<p>El nuevo Coordinador de Gesti\u00f3n de Institucional, Basilios Peftouloglou Gattas, y el jefe de Implementaci\u00f3n de Servicios Locales de la DEP, Miguel Figueroa Lagos, se encuentran en el territorio realizando reuniones con los actores involucrados en el traspaso educativo.<\/p>\n\n\n\n<p>Recordemos que la puesta en funcionamiento del Servicio Local de Chilo\u00e9 fue excepcionalmente adelantada al 31 de junio de 2024, debido a la cr\u00edtica situaci\u00f3n financiera de varios sostenedores municipales de esta provincia. En virtud del poco tiempo que ha transcurrido para la ejecuci\u00f3n de los procesos cr\u00edticos, que permiten una adecuada implementaci\u00f3n, la fecha del traspaso del servicio educativo se encuentra en evaluaci\u00f3n y ser\u00e1 confirmada a m\u00e1s tardar el 15 de noviembre de 2024.<\/p>\n","protected":false},"excerpt":{"rendered":"<p>En el marco del proceso de instalaci\u00f3n del nuevo Servicio Local de Educaci\u00f3n P\u00fablica (SLEP) de Chilo\u00e9 y la puesta en marcha de un plan integral de traspaso, la Direcci\u00f3n..<\/p>\n","protected":false},"author":2,"featured_media":3661,"comment_status":"open","ping_status":"open","sticky":false,"template":"","format":"standard","meta":{"footnotes":""},"categories":[1,28],"tags":[],"class_list":["post-3660","post","type-post","status-publish","format-standard","has-post-thumbnail","hentry","category-acontecer","category-actual"],"rttpg_featured_image_url":{"full":["https:\/\/elconquistadorredloslagos.cl\/test\/wp-content\/uploads\/2024\/10\/Aulas.jpg",1440,810,false],"landscape":["https:\/\/elconquistadorredloslagos.cl\/test\/wp-content\/uploads\/2024\/10\/Aulas.jpg",1440,810,false],"portraits":["https:\/\/elconquistadorredloslagos.cl\/test\/wp-content\/uploads\/2024\/10\/Aulas.jpg",1440,810,false],"thumbnail":["https:\/\/elconquistadorredloslagos.cl\/test\/wp-content\/uploads\/2024\/10\/Aulas-150x150.jpg",150,150,true],"medium":["https:\/\/elconquistadorredloslagos.cl\/test\/wp-content\/uploads\/2024\/10\/Aulas-300x169.jpg",300,169,true],"large":["https:\/\/elconquistadorredloslagos.cl\/test\/wp-content\/uploads\/2024\/10\/Aulas-1024x576.jpg",1024,576,true],"1536x1536":["https:\/\/elconquistadorredloslagos.cl\/test\/wp-content\/uploads\/2024\/10\/Aulas.jpg",1440,810,false],"2048x2048":["https:\/\/elconquistadorredloslagos.cl\/test\/wp-content\/uploads\/2024\/10\/Aulas.jpg",1440,810,false]},"rttpg_author":{"display_name":"ccardenas","author_link":"https:\/\/elconquistadorredloslagos.cl\/test\/blog\/author\/ccardenas\/"},"rttpg_comment":0,"rttpg_category":"<a href=\"https:\/\/elconquistadorredloslagos.cl\/test\/blog\/category\/actual\/acontecer\/\" rel=\"category tag\">Acontecer<\/a> <a href=\"https:\/\/elconquistadorredloslagos.cl\/test\/blog\/category\/actual\/\" rel=\"category tag\">Actualidad<\/a>","rttpg_excerpt":"En el marco del proceso de instalaci\u00f3n del nuevo Servicio Local de Educaci\u00f3n P\u00fablica (SLEP) de Chilo\u00e9 y la puesta en marcha de un plan integral de traspaso, la Direcci\u00f3n..","_links":{"self":[{"href":"https:\/\/elconquistadorredloslagos.cl\/test\/wp-json\/wp\/v2\/posts\/3660","targetHints":{"allow":["GET"]}}],"collection":[{"href":"https:\/\/elconquistadorredloslagos.cl\/test\/wp-json\/wp\/v2\/posts"}],"about":[{"href":"https:\/\/elconquistadorredloslagos.cl\/test\/wp-json\/wp\/v2\/types\/post"}],"author":[{"embeddable":true,"href":"https:\/\/elconquistadorredloslagos.cl\/test\/wp-json\/wp\/v2\/users\/2"}],"replies":[{"embeddable":true,"href":"https:\/\/elconquistadorredloslagos.cl\/test\/wp-json\/wp\/v2\/comments?post=3660"}],"version-history":[{"count":1,"href":"https:\/\/elconquistadorredloslagos.cl\/test\/wp-json\/wp\/v2\/posts\/3660\/revisions"}],"predecessor-version":[{"id":3662,"href":"https:\/\/elconquistadorredloslagos.cl\/test\/wp-json\/wp\/v2\/posts\/3660\/revisions\/3662"}],"wp:featuredmedia":[{"embeddable":true,"href":"https:\/\/elconquistadorredloslagos.cl\/test\/wp-json\/wp\/v2\/media\/3661"}],"wp:attachment":[{"href":"https:\/\/elconquistadorredloslagos.cl\/test\/wp-json\/wp\/v2\/media?parent=3660"}],"wp:term":[{"taxonomy":"category","embeddable":true,"href":"https:\/\/elconquistadorredloslagos.cl\/test\/wp-json\/wp\/v2\/categories?post=3660"},{"taxonomy":"post_tag","embeddable":true,"href":"https:\/\/elconquistadorredloslagos.cl\/test\/wp-json\/wp\/v2\/tags?post=3660"}],"curies":[{"name":"wp","href":"https:\/\/api.w.org\/{rel}","templated":true}]}}