{"id":3657,"date":"2024-10-09T18:24:28","date_gmt":"2024-10-09T21:24:28","guid":{"rendered":"https:\/\/elconquistadorredloslagos.cl\/test\/?p=3657"},"modified":"2024-10-09T18:24:29","modified_gmt":"2024-10-09T21:24:29","slug":"comision-de-libertad-condicional-de-puerto-montt-revisara-170-solicitudes-de-privados-de-libertad-de-unidades-penales-de-la-jurisdiccion","status":"publish","type":"post","link":"https:\/\/elconquistadorredloslagos.cl\/test\/blog\/2024\/10\/09\/comision-de-libertad-condicional-de-puerto-montt-revisara-170-solicitudes-de-privados-de-libertad-de-unidades-penales-de-la-jurisdiccion\/","title":{"rendered":"Comisi\u00f3n de Libertad Condicional de Puerto Montt revisar\u00e1 170 solicitudes de privados de libertad de unidades penales de la jurisdicci\u00f3n"},"content":{"rendered":"\n<p>El Tribunal de Juicio Oral en lo Penal de Puerto Montt conden\u00f3 a C.R.D.P. a sendas penas de cumplimiento efectivo de 10 a\u00f1os y un d\u00eda de presidio, en calidad de autor del delito frustrado de femicidio y el delito consumado de violaci\u00f3n, respectivamente. Il\u00edcitos perpetrados en octubre de 2022, en la comuna.<\/p>\n\n\n\n<p>En fallo un\u00e1nime, el tribunal \u2013integrado por los jueces Jorge D\u00edaz Rojas (presidente), Patricia Miranda Alvarado (redactora) y Rosario C\u00e1rdenas Carvajal\u2013 aplic\u00f3, adem\u00e1s, a C.R.D.P. las accesorias legales de inhabilitaci\u00f3n absoluta perpetua para cargos y oficios p\u00fablicos y derechos pol\u00edticos y la inhabilitaci\u00f3n absoluta para profesiones titulares mientras duren las condenas.<\/p>\n\n\n\n<p>Asimismo, el tribunal impuso al sentenciado la prohibici\u00f3n de acercarse a la v\u00edctima, a su domicilio, lugar de trabajo o estudio, como a cualquier otro lugar al que concurra o visite habitualmente, por el t\u00e9rmino de dos a\u00f1os.<\/p>\n\n\n\n<p>El tribunal dio por acreditado, m\u00e1s all\u00e1 de toda duda razonable, que durante el a\u00f1o 2022, la v\u00edctima, sorda y vulnerable socioecon\u00f3micamente, resid\u00eda en la ciudad de Puerto Montt sin familiares ni redes de apoyo, y mantuvo una relaci\u00f3n sentimental y de convivencia con C.R.D.P., en un inmueble ubicado en la poblaci\u00f3n Bernardo O\u2019Higgins.<\/p>\n\n\n\n<p>En dicho contexto, durante octubre de 2022, C.R.D.P., procedi\u00f3 a golpear y violar a la v\u00edctima; adem\u00e1s, la agredi\u00f3 con golpes de pu\u00f1o, pies y elementos contundentes y cortopunzantes, ocasion\u00e1ndole un traumatismo craneoencef\u00e1lico, hemorragia subaracnoidea, fracturas faciales, costales y de peron\u00e9 izquierdo; neumot\u00f3rax y equimosis generalizadas en extremidades, entre otras lesiones que, de no mediar atenci\u00f3n m\u00e9dica oportuna y eficaz, en el Hospital de Puerto Montt, le habr\u00edan provocado la muerte.<\/p>\n\n\n\n<p>Una vez que el fallo quede ejecutoriado, el tribunal dispuso que se proceda a la toma de muestras biol\u00f3gicas del sentenciado para determinar su huella gen\u00e9tica e inclusi\u00f3n en el registro nacional de ADN de condenados.<\/p>\n","protected":false},"excerpt":{"rendered":"<p>El Tribunal de Juicio Oral en lo Penal de Puerto Montt conden\u00f3 a C.R.D.P. a sendas penas de cumplimiento efectivo de 10 a\u00f1os y un d\u00eda de presidio, en calidad..<\/p>\n","protected":false},"author":2,"featured_media":3658,"comment_status":"open","ping_status":"open","sticky":false,"template":"","format":"standard","meta":{"footnotes":""},"categories":[1,28],"tags":[],"class_list":["post-3657","post","type-post","status-publish","format-standard","has-post-thumbnail","hentry","category-acontecer","category-actual"],"rttpg_featured_image_url":{"full":["https:\/\/elconquistadorredloslagos.cl\/test\/wp-content\/uploads\/2024\/10\/Sala-de-Alegatos-Corte-de-Puerto-Montt-scaled.jpg",2560,1707,false],"landscape":["https:\/\/elconquistadorredloslagos.cl\/test\/wp-content\/uploads\/2024\/10\/Sala-de-Alegatos-Corte-de-Puerto-Montt-scaled.jpg",2560,1707,false],"portraits":["https:\/\/elconquistadorredloslagos.cl\/test\/wp-content\/uploads\/2024\/10\/Sala-de-Alegatos-Corte-de-Puerto-Montt-scaled.jpg",2560,1707,false],"thumbnail":["https:\/\/elconquistadorredloslagos.cl\/test\/wp-content\/uploads\/2024\/10\/Sala-de-Alegatos-Corte-de-Puerto-Montt-150x150.jpg",150,150,true],"medium":["https:\/\/elconquistadorredloslagos.cl\/test\/wp-content\/uploads\/2024\/10\/Sala-de-Alegatos-Corte-de-Puerto-Montt-300x200.jpg",300,200,true],"large":["https:\/\/elconquistadorredloslagos.cl\/test\/wp-content\/uploads\/2024\/10\/Sala-de-Alegatos-Corte-de-Puerto-Montt-1024x683.jpg",1024,683,true],"1536x1536":["https:\/\/elconquistadorredloslagos.cl\/test\/wp-content\/uploads\/2024\/10\/Sala-de-Alegatos-Corte-de-Puerto-Montt-1536x1024.jpg",1536,1024,true],"2048x2048":["https:\/\/elconquistadorredloslagos.cl\/test\/wp-content\/uploads\/2024\/10\/Sala-de-Alegatos-Corte-de-Puerto-Montt-2048x1365.jpg",2048,1365,true]},"rttpg_author":{"display_name":"ccardenas","author_link":"https:\/\/elconquistadorredloslagos.cl\/test\/blog\/author\/ccardenas\/"},"rttpg_comment":0,"rttpg_category":"<a href=\"https:\/\/elconquistadorredloslagos.cl\/test\/blog\/category\/actual\/acontecer\/\" rel=\"category tag\">Acontecer<\/a> <a href=\"https:\/\/elconquistadorredloslagos.cl\/test\/blog\/category\/actual\/\" rel=\"category tag\">Actualidad<\/a>","rttpg_excerpt":"El Tribunal de Juicio Oral en lo Penal de Puerto Montt conden\u00f3 a C.R.D.P. a sendas penas de cumplimiento efectivo de 10 a\u00f1os y un d\u00eda de presidio, en calidad..","_links":{"self":[{"href":"https:\/\/elconquistadorredloslagos.cl\/test\/wp-json\/wp\/v2\/posts\/3657","targetHints":{"allow":["GET"]}}],"collection":[{"href":"https:\/\/elconquistadorredloslagos.cl\/test\/wp-json\/wp\/v2\/posts"}],"about":[{"href":"https:\/\/elconquistadorredloslagos.cl\/test\/wp-json\/wp\/v2\/types\/post"}],"author":[{"embeddable":true,"href":"https:\/\/elconquistadorredloslagos.cl\/test\/wp-json\/wp\/v2\/users\/2"}],"replies":[{"embeddable":true,"href":"https:\/\/elconquistadorredloslagos.cl\/test\/wp-json\/wp\/v2\/comments?post=3657"}],"version-history":[{"count":1,"href":"https:\/\/elconquistadorredloslagos.cl\/test\/wp-json\/wp\/v2\/posts\/3657\/revisions"}],"predecessor-version":[{"id":3659,"href":"https:\/\/elconquistadorredloslagos.cl\/test\/wp-json\/wp\/v2\/posts\/3657\/revisions\/3659"}],"wp:featuredmedia":[{"embeddable":true,"href":"https:\/\/elconquistadorredloslagos.cl\/test\/wp-json\/wp\/v2\/media\/3658"}],"wp:attachment":[{"href":"https:\/\/elconquistadorredloslagos.cl\/test\/wp-json\/wp\/v2\/media?parent=3657"}],"wp:term":[{"taxonomy":"category","embeddable":true,"href":"https:\/\/elconquistadorredloslagos.cl\/test\/wp-json\/wp\/v2\/categories?post=3657"},{"taxonomy":"post_tag","embeddable":true,"href":"https:\/\/elconquistadorredloslagos.cl\/test\/wp-json\/wp\/v2\/tags?post=3657"}],"curies":[{"name":"wp","href":"https:\/\/api.w.org\/{rel}","templated":true}]}}