{"id":3652,"date":"2024-10-09T16:52:48","date_gmt":"2024-10-09T19:52:48","guid":{"rendered":"https:\/\/elconquistadorredloslagos.cl\/test\/?p=3652"},"modified":"2024-10-09T16:52:49","modified_gmt":"2024-10-09T19:52:49","slug":"top-de-puerto-montt-condena-a-autor-de-femicidio-frustrado-y-violacion","status":"publish","type":"post","link":"https:\/\/elconquistadorredloslagos.cl\/test\/blog\/2024\/10\/09\/top-de-puerto-montt-condena-a-autor-de-femicidio-frustrado-y-violacion\/","title":{"rendered":"TOP de Puerto Montt condena a autor de femicidio frustrado y violaci\u00f3n"},"content":{"rendered":"\n<p>El Tribunal de Juicio Oral en lo Penal de Puerto Montt conden\u00f3 a C.R.D.P. a sendas penas de cumplimiento efectivo de 10 a\u00f1os y un d\u00eda de presidio, en calidad de autor del delito frustrado de femicidio y el delito consumado de violaci\u00f3n, respectivamente. Il\u00edcitos perpetrados en octubre de 2022, en la comuna.<\/p>\n\n\n\n<p>En fallo un\u00e1nime, el tribunal \u2013integrado por los jueces Jorge D\u00edaz Rojas (presidente), Patricia Miranda Alvarado (redactora) y Rosario C\u00e1rdenas Carvajal\u2013 aplic\u00f3, adem\u00e1s, a C.R.D.P. las accesorias legales de inhabilitaci\u00f3n absoluta perpetua para cargos y oficios p\u00fablicos y derechos pol\u00edticos y la inhabilitaci\u00f3n absoluta para profesiones titulares mientras duren las condenas.<\/p>\n\n\n\n<p>Asimismo, el tribunal impuso al sentenciado la prohibici\u00f3n de acercarse a la v\u00edctima, a su domicilio, lugar de trabajo o estudio, como a cualquier otro lugar al que concurra o visite habitualmente, por el t\u00e9rmino de dos a\u00f1os.<\/p>\n\n\n\n<p>El tribunal dio por acreditado, m\u00e1s all\u00e1 de toda duda razonable, que durante el 2022, la v\u00edctima, sorda y vulnerable socioecon\u00f3micamente, resid\u00eda en la ciudad de Puerto Montt sin familiares ni redes de apoyo, y mantuvo una relaci\u00f3n sentimental y de convivencia con C.R.D.P., en un inmueble ubicado en la poblaci\u00f3n Bernardo O\u2019Higgins.<\/p>\n\n\n\n<p>En dicho contexto, durante octubre de 2022, C.R.D.P., procedi\u00f3 a golpear y violar a la v\u00edctima; adem\u00e1s, la agredi\u00f3 con golpes de pu\u00f1o, pies y elementos contundentes y cortopunzantes, ocasion\u00e1ndole un traumatismo craneoencef\u00e1lico, hemorragia subaracnoidea, fracturas faciales, costales y de peron\u00e9 izquierdo; neumot\u00f3rax y equimosis generalizadas en extremidades, entre otras lesiones que, de no mediar atenci\u00f3n m\u00e9dica oportuna y eficaz, en el Hospital de Puerto Montt, le habr\u00edan provocado la muerte.<\/p>\n\n\n\n<p>Una vez que el fallo quede ejecutoriado, el tribunal dispuso que se proceda a la toma de muestras biol\u00f3gicas del sentenciado para determinar su huella gen\u00e9tica e inclusi\u00f3n en el registro nacional de ADN de condenados.<\/p>\n","protected":false},"excerpt":{"rendered":"<p>El Tribunal de Juicio Oral en lo Penal de Puerto Montt conden\u00f3 a C.R.D.P. a sendas penas de cumplimiento efectivo de 10 a\u00f1os y un d\u00eda de presidio, en calidad..<\/p>\n","protected":false},"author":2,"featured_media":3653,"comment_status":"open","ping_status":"open","sticky":false,"template":"","format":"standard","meta":{"footnotes":""},"categories":[1,28],"tags":[],"class_list":["post-3652","post","type-post","status-publish","format-standard","has-post-thumbnail","hentry","category-acontecer","category-actual"],"rttpg_featured_image_url":{"full":["https:\/\/elconquistadorredloslagos.cl\/test\/wp-content\/uploads\/2024\/10\/top.jpg",878,486,false],"landscape":["https:\/\/elconquistadorredloslagos.cl\/test\/wp-content\/uploads\/2024\/10\/top.jpg",878,486,false],"portraits":["https:\/\/elconquistadorredloslagos.cl\/test\/wp-content\/uploads\/2024\/10\/top.jpg",878,486,false],"thumbnail":["https:\/\/elconquistadorredloslagos.cl\/test\/wp-content\/uploads\/2024\/10\/top-150x150.jpg",150,150,true],"medium":["https:\/\/elconquistadorredloslagos.cl\/test\/wp-content\/uploads\/2024\/10\/top-300x166.jpg",300,166,true],"large":["https:\/\/elconquistadorredloslagos.cl\/test\/wp-content\/uploads\/2024\/10\/top.jpg",878,486,false],"1536x1536":["https:\/\/elconquistadorredloslagos.cl\/test\/wp-content\/uploads\/2024\/10\/top.jpg",878,486,false],"2048x2048":["https:\/\/elconquistadorredloslagos.cl\/test\/wp-content\/uploads\/2024\/10\/top.jpg",878,486,false]},"rttpg_author":{"display_name":"ccardenas","author_link":"https:\/\/elconquistadorredloslagos.cl\/test\/blog\/author\/ccardenas\/"},"rttpg_comment":0,"rttpg_category":"<a href=\"https:\/\/elconquistadorredloslagos.cl\/test\/blog\/category\/actual\/acontecer\/\" rel=\"category tag\">Acontecer<\/a> <a href=\"https:\/\/elconquistadorredloslagos.cl\/test\/blog\/category\/actual\/\" rel=\"category tag\">Actualidad<\/a>","rttpg_excerpt":"El Tribunal de Juicio Oral en lo Penal de Puerto Montt conden\u00f3 a C.R.D.P. a sendas penas de cumplimiento efectivo de 10 a\u00f1os y un d\u00eda de presidio, en calidad..","_links":{"self":[{"href":"https:\/\/elconquistadorredloslagos.cl\/test\/wp-json\/wp\/v2\/posts\/3652","targetHints":{"allow":["GET"]}}],"collection":[{"href":"https:\/\/elconquistadorredloslagos.cl\/test\/wp-json\/wp\/v2\/posts"}],"about":[{"href":"https:\/\/elconquistadorredloslagos.cl\/test\/wp-json\/wp\/v2\/types\/post"}],"author":[{"embeddable":true,"href":"https:\/\/elconquistadorredloslagos.cl\/test\/wp-json\/wp\/v2\/users\/2"}],"replies":[{"embeddable":true,"href":"https:\/\/elconquistadorredloslagos.cl\/test\/wp-json\/wp\/v2\/comments?post=3652"}],"version-history":[{"count":1,"href":"https:\/\/elconquistadorredloslagos.cl\/test\/wp-json\/wp\/v2\/posts\/3652\/revisions"}],"predecessor-version":[{"id":3654,"href":"https:\/\/elconquistadorredloslagos.cl\/test\/wp-json\/wp\/v2\/posts\/3652\/revisions\/3654"}],"wp:featuredmedia":[{"embeddable":true,"href":"https:\/\/elconquistadorredloslagos.cl\/test\/wp-json\/wp\/v2\/media\/3653"}],"wp:attachment":[{"href":"https:\/\/elconquistadorredloslagos.cl\/test\/wp-json\/wp\/v2\/media?parent=3652"}],"wp:term":[{"taxonomy":"category","embeddable":true,"href":"https:\/\/elconquistadorredloslagos.cl\/test\/wp-json\/wp\/v2\/categories?post=3652"},{"taxonomy":"post_tag","embeddable":true,"href":"https:\/\/elconquistadorredloslagos.cl\/test\/wp-json\/wp\/v2\/tags?post=3652"}],"curies":[{"name":"wp","href":"https:\/\/api.w.org\/{rel}","templated":true}]}}