{"id":3649,"date":"2024-10-09T16:50:08","date_gmt":"2024-10-09T19:50:08","guid":{"rendered":"https:\/\/elconquistadorredloslagos.cl\/test\/?p=3649"},"modified":"2024-10-09T16:50:09","modified_gmt":"2024-10-09T19:50:09","slug":"uach-puerto-montt-e-injuv-desarrollan-jornada-juventudes-cuidadoras","status":"publish","type":"post","link":"https:\/\/elconquistadorredloslagos.cl\/test\/blog\/2024\/10\/09\/uach-puerto-montt-e-injuv-desarrollan-jornada-juventudes-cuidadoras\/","title":{"rendered":"UACh Puerto Montt e INJUV desarrollan \u201cJornada Juventudes Cuidadoras\u201d"},"content":{"rendered":"\n<p>Conocer y cuantificar la realidad de los j\u00f3venes de la Regi\u00f3n de Los Lagos y su rol como cuidadores, es el objetivo de la \u201cJornada Juventudes Cuidadoras\u201d a realizarse este jueves 10 de octubre a contar de las 09:00 hrs. en el Auditorio 402 del Campus Costanera de la Universidad Austral de Chile, Sede Puerto Montt.<\/p>\n\n\n\n<p>La actividad, organizada por el Instituto Nacional de la Juventud INJUV y la Universidad Austral de Chile UACh, es una convocatoria abierta a todos los j\u00f3venes estudiantes de la educaci\u00f3n superior de la Regi\u00f3n de Los Lagos, con el fin de generar un primer insumo sobre la realidad de las juventudes cuidadoras de las principales casas de estudio de Educaci\u00f3n Superior en el territorio, conociendo sus problem\u00e1ticas y propuestas.<\/p>\n\n\n\n<p>Esto es parte del Sistema Nacional de Cuidados y tiene por objetivo reconocer y mejorar la calidad de vida de personas que requieren cuidados y de las personas cuidadoras, que en su mayor\u00eda son mujeres jefas de hogar. Recoge las pol\u00edticas p\u00fablicas existentes en Chile para construir una base s\u00f3lida que busca aumentar la cobertura actual y crear nuevos programas, beneficios y prestaciones de manera intersectorial, integrando al Estado, las familias, las comunidades y el sector privado, bajo los principios del cuidado como un derecho social y humano.<\/p>\n","protected":false},"excerpt":{"rendered":"<p>Conocer y cuantificar la realidad de los j\u00f3venes de la Regi\u00f3n de Los Lagos y su rol como cuidadores, es el objetivo de la \u201cJornada Juventudes Cuidadoras\u201d a realizarse este..<\/p>\n","protected":false},"author":2,"featured_media":3650,"comment_status":"open","ping_status":"open","sticky":false,"template":"","format":"standard","meta":{"footnotes":""},"categories":[1,28],"tags":[],"class_list":["post-3649","post","type-post","status-publish","format-standard","has-post-thumbnail","hentry","category-acontecer","category-actual"],"rttpg_featured_image_url":{"full":["https:\/\/elconquistadorredloslagos.cl\/test\/wp-content\/uploads\/2024\/10\/A1.jpg",789,429,false],"landscape":["https:\/\/elconquistadorredloslagos.cl\/test\/wp-content\/uploads\/2024\/10\/A1.jpg",789,429,false],"portraits":["https:\/\/elconquistadorredloslagos.cl\/test\/wp-content\/uploads\/2024\/10\/A1.jpg",789,429,false],"thumbnail":["https:\/\/elconquistadorredloslagos.cl\/test\/wp-content\/uploads\/2024\/10\/A1-150x150.jpg",150,150,true],"medium":["https:\/\/elconquistadorredloslagos.cl\/test\/wp-content\/uploads\/2024\/10\/A1-300x163.jpg",300,163,true],"large":["https:\/\/elconquistadorredloslagos.cl\/test\/wp-content\/uploads\/2024\/10\/A1.jpg",789,429,false],"1536x1536":["https:\/\/elconquistadorredloslagos.cl\/test\/wp-content\/uploads\/2024\/10\/A1.jpg",789,429,false],"2048x2048":["https:\/\/elconquistadorredloslagos.cl\/test\/wp-content\/uploads\/2024\/10\/A1.jpg",789,429,false]},"rttpg_author":{"display_name":"ccardenas","author_link":"https:\/\/elconquistadorredloslagos.cl\/test\/blog\/author\/ccardenas\/"},"rttpg_comment":0,"rttpg_category":"<a href=\"https:\/\/elconquistadorredloslagos.cl\/test\/blog\/category\/actual\/acontecer\/\" rel=\"category tag\">Acontecer<\/a> <a href=\"https:\/\/elconquistadorredloslagos.cl\/test\/blog\/category\/actual\/\" rel=\"category tag\">Actualidad<\/a>","rttpg_excerpt":"Conocer y cuantificar la realidad de los j\u00f3venes de la Regi\u00f3n de Los Lagos y su rol como cuidadores, es el objetivo de la \u201cJornada Juventudes Cuidadoras\u201d a realizarse este..","_links":{"self":[{"href":"https:\/\/elconquistadorredloslagos.cl\/test\/wp-json\/wp\/v2\/posts\/3649","targetHints":{"allow":["GET"]}}],"collection":[{"href":"https:\/\/elconquistadorredloslagos.cl\/test\/wp-json\/wp\/v2\/posts"}],"about":[{"href":"https:\/\/elconquistadorredloslagos.cl\/test\/wp-json\/wp\/v2\/types\/post"}],"author":[{"embeddable":true,"href":"https:\/\/elconquistadorredloslagos.cl\/test\/wp-json\/wp\/v2\/users\/2"}],"replies":[{"embeddable":true,"href":"https:\/\/elconquistadorredloslagos.cl\/test\/wp-json\/wp\/v2\/comments?post=3649"}],"version-history":[{"count":1,"href":"https:\/\/elconquistadorredloslagos.cl\/test\/wp-json\/wp\/v2\/posts\/3649\/revisions"}],"predecessor-version":[{"id":3651,"href":"https:\/\/elconquistadorredloslagos.cl\/test\/wp-json\/wp\/v2\/posts\/3649\/revisions\/3651"}],"wp:featuredmedia":[{"embeddable":true,"href":"https:\/\/elconquistadorredloslagos.cl\/test\/wp-json\/wp\/v2\/media\/3650"}],"wp:attachment":[{"href":"https:\/\/elconquistadorredloslagos.cl\/test\/wp-json\/wp\/v2\/media?parent=3649"}],"wp:term":[{"taxonomy":"category","embeddable":true,"href":"https:\/\/elconquistadorredloslagos.cl\/test\/wp-json\/wp\/v2\/categories?post=3649"},{"taxonomy":"post_tag","embeddable":true,"href":"https:\/\/elconquistadorredloslagos.cl\/test\/wp-json\/wp\/v2\/tags?post=3649"}],"curies":[{"name":"wp","href":"https:\/\/api.w.org\/{rel}","templated":true}]}}