{"id":3643,"date":"2024-10-09T16:39:39","date_gmt":"2024-10-09T19:39:39","guid":{"rendered":"https:\/\/elconquistadorredloslagos.cl\/test\/?p=3643"},"modified":"2024-10-09T16:39:40","modified_gmt":"2024-10-09T19:39:40","slug":"profesionales-de-la-red-asistencial-de-chiloe-realizan-balance-campana-de-invierno-2024","status":"publish","type":"post","link":"https:\/\/elconquistadorredloslagos.cl\/test\/blog\/2024\/10\/09\/profesionales-de-la-red-asistencial-de-chiloe-realizan-balance-campana-de-invierno-2024\/","title":{"rendered":"Profesionales de la Red Asistencial de Chilo\u00e9 realizan balance Campa\u00f1a de Invierno 2024"},"content":{"rendered":"\n<p>M\u00e9dicos y kinesi\u00f3logos de la atenci\u00f3n primaria y de los distintos recintos hospitalarios de la red asistencial de Chilo\u00e9, se reunieron en el Hospital Dr. Augusto Riffart de Castro, con el prop\u00f3sito de evaluar la estrategia impulsada en el marco de la Campa\u00f1a de Invierno durante este 2024.&nbsp;<\/p>\n\n\n\n<p>Destacando logros de vacunaci\u00f3n, atenci\u00f3n en salud y la importancia de la articulaci\u00f3n de los distintos niveles de atenci\u00f3n, Jorge Andrade, referente del programa de Salud Respiratoria del Servicio Salud Chilo\u00e9, se\u00f1al\u00f3 que estas instancias permiten&nbsp;estar al tanto de las necesidades que los equipos tienen y concretar soluciones m\u00e1s efectivas en caso de generarse alguna problem\u00e1tica en el transcurso del proceso de implementaci\u00f3n de la estrategia.<\/p>\n\n\n\n<p>Igualmente, el funcionario del Servicio Salud Chilo\u00e9 mencion\u00f3 los desaf\u00edos que se abordar\u00e1n en el 2025: \u201cComenzamos a trabajar desde diciembre del a\u00f1o pasado y los desaf\u00edos ahora son continuar aumentando y apuntando en tener una mejor calidad en la atenci\u00f3n, una \u00f3ptima calidad en los servicios cl\u00ednicos, en los diagn\u00f3sticos y sobre todo en el seguimiento de los usuarios que llegan cada d\u00eda en la atenci\u00f3n primaria\u201d.<\/p>\n\n\n\n<p>En la oportunidad, se relev\u00f3 la importante labor que se desarrolla en las salas IRA y ERA de los distintos centros de salud en la provincia, que tienen por finalidad atender a pacientes con afecciones respiratorias. \u201cPara nosotros es fundamental la retroalimentaci\u00f3n de los profesionales que asisten a esta convocatoria, nos permite abordar las acciones implementadas, soluciones m\u00e1s efectivas y estar al tanto de las necesidades que ellos tuvieron durante la temporada invernal\u201d.&nbsp;<\/p>\n","protected":false},"excerpt":{"rendered":"<p>M\u00e9dicos y kinesi\u00f3logos de la atenci\u00f3n primaria y de los distintos recintos hospitalarios de la red asistencial de Chilo\u00e9, se reunieron en el Hospital Dr. Augusto Riffart de Castro, con..<\/p>\n","protected":false},"author":2,"featured_media":3644,"comment_status":"open","ping_status":"open","sticky":false,"template":"","format":"standard","meta":{"footnotes":""},"categories":[28],"tags":[],"class_list":["post-3643","post","type-post","status-publish","format-standard","has-post-thumbnail","hentry","category-actual"],"rttpg_featured_image_url":{"full":["https:\/\/elconquistadorredloslagos.cl\/test\/wp-content\/uploads\/2024\/10\/20241008_113304-scaled.jpg",2560,1183,false],"landscape":["https:\/\/elconquistadorredloslagos.cl\/test\/wp-content\/uploads\/2024\/10\/20241008_113304-scaled.jpg",2560,1183,false],"portraits":["https:\/\/elconquistadorredloslagos.cl\/test\/wp-content\/uploads\/2024\/10\/20241008_113304-scaled.jpg",2560,1183,false],"thumbnail":["https:\/\/elconquistadorredloslagos.cl\/test\/wp-content\/uploads\/2024\/10\/20241008_113304-150x150.jpg",150,150,true],"medium":["https:\/\/elconquistadorredloslagos.cl\/test\/wp-content\/uploads\/2024\/10\/20241008_113304-300x139.jpg",300,139,true],"large":["https:\/\/elconquistadorredloslagos.cl\/test\/wp-content\/uploads\/2024\/10\/20241008_113304-1024x473.jpg",1024,473,true],"1536x1536":["https:\/\/elconquistadorredloslagos.cl\/test\/wp-content\/uploads\/2024\/10\/20241008_113304-1536x710.jpg",1536,710,true],"2048x2048":["https:\/\/elconquistadorredloslagos.cl\/test\/wp-content\/uploads\/2024\/10\/20241008_113304-2048x946.jpg",2048,946,true]},"rttpg_author":{"display_name":"ccardenas","author_link":"https:\/\/elconquistadorredloslagos.cl\/test\/blog\/author\/ccardenas\/"},"rttpg_comment":0,"rttpg_category":"<a href=\"https:\/\/elconquistadorredloslagos.cl\/test\/blog\/category\/actual\/\" rel=\"category tag\">Actualidad<\/a>","rttpg_excerpt":"M\u00e9dicos y kinesi\u00f3logos de la atenci\u00f3n primaria y de los distintos recintos hospitalarios de la red asistencial de Chilo\u00e9, se reunieron en el Hospital Dr. Augusto Riffart de Castro, con..","_links":{"self":[{"href":"https:\/\/elconquistadorredloslagos.cl\/test\/wp-json\/wp\/v2\/posts\/3643","targetHints":{"allow":["GET"]}}],"collection":[{"href":"https:\/\/elconquistadorredloslagos.cl\/test\/wp-json\/wp\/v2\/posts"}],"about":[{"href":"https:\/\/elconquistadorredloslagos.cl\/test\/wp-json\/wp\/v2\/types\/post"}],"author":[{"embeddable":true,"href":"https:\/\/elconquistadorredloslagos.cl\/test\/wp-json\/wp\/v2\/users\/2"}],"replies":[{"embeddable":true,"href":"https:\/\/elconquistadorredloslagos.cl\/test\/wp-json\/wp\/v2\/comments?post=3643"}],"version-history":[{"count":1,"href":"https:\/\/elconquistadorredloslagos.cl\/test\/wp-json\/wp\/v2\/posts\/3643\/revisions"}],"predecessor-version":[{"id":3645,"href":"https:\/\/elconquistadorredloslagos.cl\/test\/wp-json\/wp\/v2\/posts\/3643\/revisions\/3645"}],"wp:featuredmedia":[{"embeddable":true,"href":"https:\/\/elconquistadorredloslagos.cl\/test\/wp-json\/wp\/v2\/media\/3644"}],"wp:attachment":[{"href":"https:\/\/elconquistadorredloslagos.cl\/test\/wp-json\/wp\/v2\/media?parent=3643"}],"wp:term":[{"taxonomy":"category","embeddable":true,"href":"https:\/\/elconquistadorredloslagos.cl\/test\/wp-json\/wp\/v2\/categories?post=3643"},{"taxonomy":"post_tag","embeddable":true,"href":"https:\/\/elconquistadorredloslagos.cl\/test\/wp-json\/wp\/v2\/tags?post=3643"}],"curies":[{"name":"wp","href":"https:\/\/api.w.org\/{rel}","templated":true}]}}