{"id":3639,"date":"2024-10-09T16:37:02","date_gmt":"2024-10-09T19:37:02","guid":{"rendered":"https:\/\/elconquistadorredloslagos.cl\/test\/?p=3639"},"modified":"2024-10-09T16:37:03","modified_gmt":"2024-10-09T19:37:03","slug":"alejandro-santana-destaco-en-debate-de-tvn-como-el-candidato-que-devolvera-la-confianza-al-gobierno-regional-de-los-lagos","status":"publish","type":"post","link":"https:\/\/elconquistadorredloslagos.cl\/test\/blog\/2024\/10\/09\/alejandro-santana-destaco-en-debate-de-tvn-como-el-candidato-que-devolvera-la-confianza-al-gobierno-regional-de-los-lagos\/","title":{"rendered":"Alejandro Santana destac\u00f3 en debate de TVN como el candidato que devolver\u00e1 la confianza al Gobierno Regional de Los Lagos"},"content":{"rendered":"\n<p>En el debate organizado por TVN, Alejandro Santana, candidato a Gobernador Regional de Los Lagos, realiz\u00f3 una intervenci\u00f3n que dej\u00f3 clara su visi\u00f3n sobre el futuro de la regi\u00f3n, destac\u00e1ndose por su enfoque en la recuperaci\u00f3n de la confianza en las instituciones, el desarrollo inclusivo, y la seguridad p\u00fablica. <\/p>\n\n\n\n<p>Santana enfatiz\u00f3 que, ante la creciente desconfianza hacia las autoridades regionales, su experiencia y compromiso son la clave para recuperar la credibilidad de la ciudadan\u00eda.<\/p>\n\n\n\n<figure class=\"wp-block-audio\"><audio controls src=\"https:\/\/elconquistadorredloslagos.cl\/test\/wp-content\/uploads\/2024\/10\/Alejandro-Santana-Tirachini.mp3\"><\/audio><\/figure>\n\n\n\n<p>Finalmente, Alejandro Santana cerr\u00f3 su intervenci\u00f3n reafirmando su compromiso con la ejecuci\u00f3n r\u00e1pida y eficiente de los proyectos. \u201cLa gente est\u00e1 cansada de promesas vac\u00edas. Vamos a pasar de los diagn\u00f3sticos a la acci\u00f3n. Los habitantes de Los Lagos ver\u00e1n cambios reales, en su vida diaria, en cada rinc\u00f3n de la regi\u00f3n\u201d, concluy\u00f3.<\/p>\n\n\n\n<p>Con un mensaje claro, s\u00f3lido y lleno de propuestas tangibles, Alejandro Santana sali\u00f3 airoso del debate y se posicion\u00f3 como la opci\u00f3n que ofrece certeza y liderazgo en un momento crucial para el futuro de la regi\u00f3n de Los Lagos.<\/p>\n\n\n\n<p>FOTO: (Captura TVN)<\/p>\n","protected":false},"excerpt":{"rendered":"<p>En el debate organizado por TVN, Alejandro Santana, candidato a Gobernador Regional de Los Lagos, realiz\u00f3 una intervenci\u00f3n que dej\u00f3 clara su visi\u00f3n sobre el futuro de la regi\u00f3n, destac\u00e1ndose..<\/p>\n","protected":false},"author":2,"featured_media":3641,"comment_status":"open","ping_status":"open","sticky":false,"template":"","format":"standard","meta":{"footnotes":""},"categories":[1,28],"tags":[],"class_list":["post-3639","post","type-post","status-publish","format-standard","has-post-thumbnail","hentry","category-acontecer","category-actual"],"rttpg_featured_image_url":{"full":["https:\/\/elconquistadorredloslagos.cl\/test\/wp-content\/uploads\/2024\/10\/ALEJANDRO-SANTANA-CAPTURA.jpg",932,520,false],"landscape":["https:\/\/elconquistadorredloslagos.cl\/test\/wp-content\/uploads\/2024\/10\/ALEJANDRO-SANTANA-CAPTURA.jpg",932,520,false],"portraits":["https:\/\/elconquistadorredloslagos.cl\/test\/wp-content\/uploads\/2024\/10\/ALEJANDRO-SANTANA-CAPTURA.jpg",932,520,false],"thumbnail":["https:\/\/elconquistadorredloslagos.cl\/test\/wp-content\/uploads\/2024\/10\/ALEJANDRO-SANTANA-CAPTURA-150x150.jpg",150,150,true],"medium":["https:\/\/elconquistadorredloslagos.cl\/test\/wp-content\/uploads\/2024\/10\/ALEJANDRO-SANTANA-CAPTURA-300x167.jpg",300,167,true],"large":["https:\/\/elconquistadorredloslagos.cl\/test\/wp-content\/uploads\/2024\/10\/ALEJANDRO-SANTANA-CAPTURA.jpg",932,520,false],"1536x1536":["https:\/\/elconquistadorredloslagos.cl\/test\/wp-content\/uploads\/2024\/10\/ALEJANDRO-SANTANA-CAPTURA.jpg",932,520,false],"2048x2048":["https:\/\/elconquistadorredloslagos.cl\/test\/wp-content\/uploads\/2024\/10\/ALEJANDRO-SANTANA-CAPTURA.jpg",932,520,false]},"rttpg_author":{"display_name":"ccardenas","author_link":"https:\/\/elconquistadorredloslagos.cl\/test\/blog\/author\/ccardenas\/"},"rttpg_comment":0,"rttpg_category":"<a href=\"https:\/\/elconquistadorredloslagos.cl\/test\/blog\/category\/actual\/acontecer\/\" rel=\"category tag\">Acontecer<\/a> <a href=\"https:\/\/elconquistadorredloslagos.cl\/test\/blog\/category\/actual\/\" rel=\"category tag\">Actualidad<\/a>","rttpg_excerpt":"En el debate organizado por TVN, Alejandro Santana, candidato a Gobernador Regional de Los Lagos, realiz\u00f3 una intervenci\u00f3n que dej\u00f3 clara su visi\u00f3n sobre el futuro de la regi\u00f3n, destac\u00e1ndose..","_links":{"self":[{"href":"https:\/\/elconquistadorredloslagos.cl\/test\/wp-json\/wp\/v2\/posts\/3639","targetHints":{"allow":["GET"]}}],"collection":[{"href":"https:\/\/elconquistadorredloslagos.cl\/test\/wp-json\/wp\/v2\/posts"}],"about":[{"href":"https:\/\/elconquistadorredloslagos.cl\/test\/wp-json\/wp\/v2\/types\/post"}],"author":[{"embeddable":true,"href":"https:\/\/elconquistadorredloslagos.cl\/test\/wp-json\/wp\/v2\/users\/2"}],"replies":[{"embeddable":true,"href":"https:\/\/elconquistadorredloslagos.cl\/test\/wp-json\/wp\/v2\/comments?post=3639"}],"version-history":[{"count":1,"href":"https:\/\/elconquistadorredloslagos.cl\/test\/wp-json\/wp\/v2\/posts\/3639\/revisions"}],"predecessor-version":[{"id":3642,"href":"https:\/\/elconquistadorredloslagos.cl\/test\/wp-json\/wp\/v2\/posts\/3639\/revisions\/3642"}],"wp:featuredmedia":[{"embeddable":true,"href":"https:\/\/elconquistadorredloslagos.cl\/test\/wp-json\/wp\/v2\/media\/3641"}],"wp:attachment":[{"href":"https:\/\/elconquistadorredloslagos.cl\/test\/wp-json\/wp\/v2\/media?parent=3639"}],"wp:term":[{"taxonomy":"category","embeddable":true,"href":"https:\/\/elconquistadorredloslagos.cl\/test\/wp-json\/wp\/v2\/categories?post=3639"},{"taxonomy":"post_tag","embeddable":true,"href":"https:\/\/elconquistadorredloslagos.cl\/test\/wp-json\/wp\/v2\/tags?post=3639"}],"curies":[{"name":"wp","href":"https:\/\/api.w.org\/{rel}","templated":true}]}}