{"id":3626,"date":"2024-10-08T17:16:19","date_gmt":"2024-10-08T20:16:19","guid":{"rendered":"https:\/\/elconquistadorredloslagos.cl\/test\/?p=3626"},"modified":"2024-10-08T17:16:19","modified_gmt":"2024-10-08T20:16:19","slug":"incendio-en-dalcahue-habria-sido-intencional","status":"publish","type":"post","link":"https:\/\/elconquistadorredloslagos.cl\/test\/blog\/2024\/10\/08\/incendio-en-dalcahue-habria-sido-intencional\/","title":{"rendered":"Incendio en Dalcahue habr\u00eda sido intencional"},"content":{"rendered":"\n<p>6,1 hect\u00e1reas de vegetaci\u00f3n fueron destruidas en la comuna de Dalcahue, como consecuencia de un incendio forestal la tarde del domingo en Dalcahue.<\/p>\n\n\n\n<p>Preliminarmente se ha se\u00f1alado de qu\u00e9 se trat\u00f3 de un hecho intencional. Espec\u00edficamente la situaci\u00f3n tuvo lugar en el sector de Mocopulli.<\/p>\n\n\n\n<p>Claudia G\u00fcineo, jefa provincial de la Corporaci\u00f3n Nacional Forestal (Conaf), explic\u00f3 que se recibi\u00f3 una alerta por una columna de humo que se divis\u00f3 cercana a Mocopulli. Se dirigi\u00f3 al lugar personal t\u00e9cnico de Conaf y tambi\u00e9n el Cuerpo de Bomberos de Dalcahue.<\/p>\n\n\n\n<p>La emergencia fue combatida durante toda la tarde de la jornada dominical e incluso en la noche para lograr su control.<\/p>\n\n\n\n<p>FOTO: (Redes sociales)<\/p>\n","protected":false},"excerpt":{"rendered":"<p>6,1 hect\u00e1reas de vegetaci\u00f3n fueron destruidas en la comuna de Dalcahue, como consecuencia de un incendio forestal la tarde del domingo en Dalcahue. Preliminarmente se ha se\u00f1alado de qu\u00e9 se..<\/p>\n","protected":false},"author":2,"featured_media":3627,"comment_status":"open","ping_status":"open","sticky":false,"template":"","format":"standard","meta":{"footnotes":""},"categories":[1,28],"tags":[],"class_list":["post-3626","post","type-post","status-publish","format-standard","has-post-thumbnail","hentry","category-acontecer","category-actual"],"rttpg_featured_image_url":{"full":["https:\/\/elconquistadorredloslagos.cl\/test\/wp-content\/uploads\/2024\/10\/file_20241008112803.jpg",820,461,false],"landscape":["https:\/\/elconquistadorredloslagos.cl\/test\/wp-content\/uploads\/2024\/10\/file_20241008112803.jpg",820,461,false],"portraits":["https:\/\/elconquistadorredloslagos.cl\/test\/wp-content\/uploads\/2024\/10\/file_20241008112803.jpg",820,461,false],"thumbnail":["https:\/\/elconquistadorredloslagos.cl\/test\/wp-content\/uploads\/2024\/10\/file_20241008112803-150x150.jpg",150,150,true],"medium":["https:\/\/elconquistadorredloslagos.cl\/test\/wp-content\/uploads\/2024\/10\/file_20241008112803-300x169.jpg",300,169,true],"large":["https:\/\/elconquistadorredloslagos.cl\/test\/wp-content\/uploads\/2024\/10\/file_20241008112803.jpg",820,461,false],"1536x1536":["https:\/\/elconquistadorredloslagos.cl\/test\/wp-content\/uploads\/2024\/10\/file_20241008112803.jpg",820,461,false],"2048x2048":["https:\/\/elconquistadorredloslagos.cl\/test\/wp-content\/uploads\/2024\/10\/file_20241008112803.jpg",820,461,false]},"rttpg_author":{"display_name":"ccardenas","author_link":"https:\/\/elconquistadorredloslagos.cl\/test\/blog\/author\/ccardenas\/"},"rttpg_comment":0,"rttpg_category":"<a href=\"https:\/\/elconquistadorredloslagos.cl\/test\/blog\/category\/actual\/acontecer\/\" rel=\"category tag\">Acontecer<\/a> <a href=\"https:\/\/elconquistadorredloslagos.cl\/test\/blog\/category\/actual\/\" rel=\"category tag\">Actualidad<\/a>","rttpg_excerpt":"6,1 hect\u00e1reas de vegetaci\u00f3n fueron destruidas en la comuna de Dalcahue, como consecuencia de un incendio forestal la tarde del domingo en Dalcahue. Preliminarmente se ha se\u00f1alado de qu\u00e9 se..","_links":{"self":[{"href":"https:\/\/elconquistadorredloslagos.cl\/test\/wp-json\/wp\/v2\/posts\/3626","targetHints":{"allow":["GET"]}}],"collection":[{"href":"https:\/\/elconquistadorredloslagos.cl\/test\/wp-json\/wp\/v2\/posts"}],"about":[{"href":"https:\/\/elconquistadorredloslagos.cl\/test\/wp-json\/wp\/v2\/types\/post"}],"author":[{"embeddable":true,"href":"https:\/\/elconquistadorredloslagos.cl\/test\/wp-json\/wp\/v2\/users\/2"}],"replies":[{"embeddable":true,"href":"https:\/\/elconquistadorredloslagos.cl\/test\/wp-json\/wp\/v2\/comments?post=3626"}],"version-history":[{"count":1,"href":"https:\/\/elconquistadorredloslagos.cl\/test\/wp-json\/wp\/v2\/posts\/3626\/revisions"}],"predecessor-version":[{"id":3628,"href":"https:\/\/elconquistadorredloslagos.cl\/test\/wp-json\/wp\/v2\/posts\/3626\/revisions\/3628"}],"wp:featuredmedia":[{"embeddable":true,"href":"https:\/\/elconquistadorredloslagos.cl\/test\/wp-json\/wp\/v2\/media\/3627"}],"wp:attachment":[{"href":"https:\/\/elconquistadorredloslagos.cl\/test\/wp-json\/wp\/v2\/media?parent=3626"}],"wp:term":[{"taxonomy":"category","embeddable":true,"href":"https:\/\/elconquistadorredloslagos.cl\/test\/wp-json\/wp\/v2\/categories?post=3626"},{"taxonomy":"post_tag","embeddable":true,"href":"https:\/\/elconquistadorredloslagos.cl\/test\/wp-json\/wp\/v2\/tags?post=3626"}],"curies":[{"name":"wp","href":"https:\/\/api.w.org\/{rel}","templated":true}]}}