{"id":3610,"date":"2024-10-08T16:57:05","date_gmt":"2024-10-08T19:57:05","guid":{"rendered":"https:\/\/elconquistadorredloslagos.cl\/test\/?p=3610"},"modified":"2024-10-08T16:57:05","modified_gmt":"2024-10-08T19:57:05","slug":"carne-bovina-los-lagos-en-food-service-2024-impulsa-alianzas-y-sostenibilidad-en-el-sector","status":"publish","type":"post","link":"https:\/\/elconquistadorredloslagos.cl\/test\/blog\/2024\/10\/08\/carne-bovina-los-lagos-en-food-service-2024-impulsa-alianzas-y-sostenibilidad-en-el-sector\/","title":{"rendered":"Carne Bovina Los Lagos en Food &amp; Service 2024 impulsa alianzas y sostenibilidad en el sector"},"content":{"rendered":"\n<p>El Programa Territorial Integrado (PTI) de la Carne Bovina Los Lagos, bajo la coordinaci\u00f3n de Corfo Los Lagos y sus asociados, particip\u00f3 en la Food &amp; Service 2024, que se llev\u00f3 a cabo entre el 1 y el 3 de octubre en el Centro de Convenciones Espacio Riesco, en Santiago. Esta participaci\u00f3n permiti\u00f3 fortalecer el posicionamiento del sector ganadero de la regi\u00f3n y establecer nuevas alianzas comerciales.<\/p>\n\n\n\n<p>Una de las actividades destacadas del PTI en el evento fue la participaci\u00f3n de Corte Criollo, marca comercial asociada al programa, que protagoniz\u00f3 una demostraci\u00f3n en vivo de cocina. Esta instancia estuvo a cargo del chef Eugenio Melo, de INACAP, junto al FoodTuber, Mr. Wagyu y&nbsp;Javier Marty, gerente comercial de Corte Criollo. Durante la presentaci\u00f3n, los asistentes pudieron apreciar la versatilidad y calidad de las carnes de la marca, que fueron preparadas en innovadoras recetas.<\/p>\n\n\n\n<p>La Food &amp; Service, en su 12\u00aa edici\u00f3n, se consolid\u00f3 como la mayor feria de la industria alimentaria en Chile y la segunda m\u00e1s importante de Latinoam\u00e9rica. Este a\u00f1o, m\u00e1s de 1.300 expositores de 15 pa\u00edses mostraron lo mejor de la innovaci\u00f3n tecnol\u00f3gica, el equipamiento gastron\u00f3mico y la alimentaci\u00f3n sostenible. Argentina, como pa\u00eds invitado de honor, reafirm\u00f3 el car\u00e1cter internacional del evento.<\/p>\n","protected":false},"excerpt":{"rendered":"<p>El Programa Territorial Integrado (PTI) de la Carne Bovina Los Lagos, bajo la coordinaci\u00f3n de Corfo Los Lagos y sus asociados, particip\u00f3 en la Food &amp; Service 2024, que se..<\/p>\n","protected":false},"author":2,"featured_media":3611,"comment_status":"open","ping_status":"open","sticky":false,"template":"","format":"standard","meta":{"footnotes":""},"categories":[1,28],"tags":[],"class_list":["post-3610","post","type-post","status-publish","format-standard","has-post-thumbnail","hentry","category-acontecer","category-actual"],"rttpg_featured_image_url":{"full":["https:\/\/elconquistadorredloslagos.cl\/test\/wp-content\/uploads\/2024\/10\/5-scaled.jpg",2560,1920,false],"landscape":["https:\/\/elconquistadorredloslagos.cl\/test\/wp-content\/uploads\/2024\/10\/5-scaled.jpg",2560,1920,false],"portraits":["https:\/\/elconquistadorredloslagos.cl\/test\/wp-content\/uploads\/2024\/10\/5-scaled.jpg",2560,1920,false],"thumbnail":["https:\/\/elconquistadorredloslagos.cl\/test\/wp-content\/uploads\/2024\/10\/5-150x150.jpg",150,150,true],"medium":["https:\/\/elconquistadorredloslagos.cl\/test\/wp-content\/uploads\/2024\/10\/5-300x225.jpg",300,225,true],"large":["https:\/\/elconquistadorredloslagos.cl\/test\/wp-content\/uploads\/2024\/10\/5-1024x768.jpg",1024,768,true],"1536x1536":["https:\/\/elconquistadorredloslagos.cl\/test\/wp-content\/uploads\/2024\/10\/5-1536x1152.jpg",1536,1152,true],"2048x2048":["https:\/\/elconquistadorredloslagos.cl\/test\/wp-content\/uploads\/2024\/10\/5-2048x1536.jpg",2048,1536,true]},"rttpg_author":{"display_name":"ccardenas","author_link":"https:\/\/elconquistadorredloslagos.cl\/test\/blog\/author\/ccardenas\/"},"rttpg_comment":0,"rttpg_category":"<a href=\"https:\/\/elconquistadorredloslagos.cl\/test\/blog\/category\/actual\/acontecer\/\" rel=\"category tag\">Acontecer<\/a> <a href=\"https:\/\/elconquistadorredloslagos.cl\/test\/blog\/category\/actual\/\" rel=\"category tag\">Actualidad<\/a>","rttpg_excerpt":"El Programa Territorial Integrado (PTI) de la Carne Bovina Los Lagos, bajo la coordinaci\u00f3n de Corfo Los Lagos y sus asociados, particip\u00f3 en la Food &amp; Service 2024, que se..","_links":{"self":[{"href":"https:\/\/elconquistadorredloslagos.cl\/test\/wp-json\/wp\/v2\/posts\/3610","targetHints":{"allow":["GET"]}}],"collection":[{"href":"https:\/\/elconquistadorredloslagos.cl\/test\/wp-json\/wp\/v2\/posts"}],"about":[{"href":"https:\/\/elconquistadorredloslagos.cl\/test\/wp-json\/wp\/v2\/types\/post"}],"author":[{"embeddable":true,"href":"https:\/\/elconquistadorredloslagos.cl\/test\/wp-json\/wp\/v2\/users\/2"}],"replies":[{"embeddable":true,"href":"https:\/\/elconquistadorredloslagos.cl\/test\/wp-json\/wp\/v2\/comments?post=3610"}],"version-history":[{"count":1,"href":"https:\/\/elconquistadorredloslagos.cl\/test\/wp-json\/wp\/v2\/posts\/3610\/revisions"}],"predecessor-version":[{"id":3612,"href":"https:\/\/elconquistadorredloslagos.cl\/test\/wp-json\/wp\/v2\/posts\/3610\/revisions\/3612"}],"wp:featuredmedia":[{"embeddable":true,"href":"https:\/\/elconquistadorredloslagos.cl\/test\/wp-json\/wp\/v2\/media\/3611"}],"wp:attachment":[{"href":"https:\/\/elconquistadorredloslagos.cl\/test\/wp-json\/wp\/v2\/media?parent=3610"}],"wp:term":[{"taxonomy":"category","embeddable":true,"href":"https:\/\/elconquistadorredloslagos.cl\/test\/wp-json\/wp\/v2\/categories?post=3610"},{"taxonomy":"post_tag","embeddable":true,"href":"https:\/\/elconquistadorredloslagos.cl\/test\/wp-json\/wp\/v2\/tags?post=3610"}],"curies":[{"name":"wp","href":"https:\/\/api.w.org\/{rel}","templated":true}]}}