{"id":3604,"date":"2024-10-08T15:19:49","date_gmt":"2024-10-08T18:19:49","guid":{"rendered":"https:\/\/elconquistadorredloslagos.cl\/test\/?p=3604"},"modified":"2024-10-08T16:50:25","modified_gmt":"2024-10-08T19:50:25","slug":"cinco-anos-y-un-dia-de-carcel-para-exdirector-de-transito-de-rio-negro-por-abuso-sexual","status":"publish","type":"post","link":"https:\/\/elconquistadorredloslagos.cl\/test\/blog\/2024\/10\/08\/cinco-anos-y-un-dia-de-carcel-para-exdirector-de-transito-de-rio-negro-por-abuso-sexual\/","title":{"rendered":"Cinco a\u00f1os y un d\u00eda de c\u00e1rcel para exdirector de Tr\u00e1nsito de R\u00edo Negro por abuso sexual"},"content":{"rendered":"\n<p>El Tribunal Oral en Lo Penal de Osorno, sentenci\u00f3 a cinco a\u00f1os y un d\u00eda de c\u00e1rcel Nibaldo Rivera, exdirector de Tr\u00e1nsito de R\u00edo Negro, por el delito de abuso sexual, perpetrado a una exsecretaria en el a\u00f1o 2019.<\/p>\n\n\n\n<p>La informaci\u00f3n fue dada a conocer por el Ministerio P\u00fablico, a trav\u00e9s de la fiscal, Ana Mar\u00eda D\u00edaz. Tras la lectura de sentencia desarrollada recientemente, se determin\u00f3 la pena efectiva de c\u00e1rcel contra el otrora funcionario p\u00fablico.<\/p>\n\n\n\n<p>Este fallo se materializa tras un segundo juicio oral, dado que el primero fue anulado por la Corte de Apelaciones de Valdivia, oportunidad en que el ahora condenado hab\u00eda sido absuelto al ahora condenado.<\/p>\n","protected":false},"excerpt":{"rendered":"<p>El Tribunal Oral en Lo Penal de Osorno, sentenci\u00f3 a cinco a\u00f1os y un d\u00eda de c\u00e1rcel Nibaldo Rivera, exdirector de Tr\u00e1nsito de R\u00edo Negro, por el delito de abuso..<\/p>\n","protected":false},"author":2,"featured_media":3605,"comment_status":"open","ping_status":"open","sticky":false,"template":"","format":"standard","meta":{"footnotes":""},"categories":[1,28],"tags":[],"class_list":["post-3604","post","type-post","status-publish","format-standard","has-post-thumbnail","hentry","category-acontecer","category-actual"],"rttpg_featured_image_url":{"full":["https:\/\/elconquistadorredloslagos.cl\/test\/wp-content\/uploads\/2024\/10\/juzgado7.jpg",1920,1080,false],"landscape":["https:\/\/elconquistadorredloslagos.cl\/test\/wp-content\/uploads\/2024\/10\/juzgado7.jpg",1920,1080,false],"portraits":["https:\/\/elconquistadorredloslagos.cl\/test\/wp-content\/uploads\/2024\/10\/juzgado7.jpg",1920,1080,false],"thumbnail":["https:\/\/elconquistadorredloslagos.cl\/test\/wp-content\/uploads\/2024\/10\/juzgado7-150x150.jpg",150,150,true],"medium":["https:\/\/elconquistadorredloslagos.cl\/test\/wp-content\/uploads\/2024\/10\/juzgado7-300x169.jpg",300,169,true],"large":["https:\/\/elconquistadorredloslagos.cl\/test\/wp-content\/uploads\/2024\/10\/juzgado7-1024x576.jpg",1024,576,true],"1536x1536":["https:\/\/elconquistadorredloslagos.cl\/test\/wp-content\/uploads\/2024\/10\/juzgado7-1536x864.jpg",1536,864,true],"2048x2048":["https:\/\/elconquistadorredloslagos.cl\/test\/wp-content\/uploads\/2024\/10\/juzgado7.jpg",1920,1080,false]},"rttpg_author":{"display_name":"ccardenas","author_link":"https:\/\/elconquistadorredloslagos.cl\/test\/blog\/author\/ccardenas\/"},"rttpg_comment":0,"rttpg_category":"<a href=\"https:\/\/elconquistadorredloslagos.cl\/test\/blog\/category\/actual\/acontecer\/\" rel=\"category tag\">Acontecer<\/a> <a href=\"https:\/\/elconquistadorredloslagos.cl\/test\/blog\/category\/actual\/\" rel=\"category tag\">Actualidad<\/a>","rttpg_excerpt":"El Tribunal Oral en Lo Penal de Osorno, sentenci\u00f3 a cinco a\u00f1os y un d\u00eda de c\u00e1rcel Nibaldo Rivera, exdirector de Tr\u00e1nsito de R\u00edo Negro, por el delito de abuso..","_links":{"self":[{"href":"https:\/\/elconquistadorredloslagos.cl\/test\/wp-json\/wp\/v2\/posts\/3604","targetHints":{"allow":["GET"]}}],"collection":[{"href":"https:\/\/elconquistadorredloslagos.cl\/test\/wp-json\/wp\/v2\/posts"}],"about":[{"href":"https:\/\/elconquistadorredloslagos.cl\/test\/wp-json\/wp\/v2\/types\/post"}],"author":[{"embeddable":true,"href":"https:\/\/elconquistadorredloslagos.cl\/test\/wp-json\/wp\/v2\/users\/2"}],"replies":[{"embeddable":true,"href":"https:\/\/elconquistadorredloslagos.cl\/test\/wp-json\/wp\/v2\/comments?post=3604"}],"version-history":[{"count":1,"href":"https:\/\/elconquistadorredloslagos.cl\/test\/wp-json\/wp\/v2\/posts\/3604\/revisions"}],"predecessor-version":[{"id":3606,"href":"https:\/\/elconquistadorredloslagos.cl\/test\/wp-json\/wp\/v2\/posts\/3604\/revisions\/3606"}],"wp:featuredmedia":[{"embeddable":true,"href":"https:\/\/elconquistadorredloslagos.cl\/test\/wp-json\/wp\/v2\/media\/3605"}],"wp:attachment":[{"href":"https:\/\/elconquistadorredloslagos.cl\/test\/wp-json\/wp\/v2\/media?parent=3604"}],"wp:term":[{"taxonomy":"category","embeddable":true,"href":"https:\/\/elconquistadorredloslagos.cl\/test\/wp-json\/wp\/v2\/categories?post=3604"},{"taxonomy":"post_tag","embeddable":true,"href":"https:\/\/elconquistadorredloslagos.cl\/test\/wp-json\/wp\/v2\/tags?post=3604"}],"curies":[{"name":"wp","href":"https:\/\/api.w.org\/{rel}","templated":true}]}}