{"id":3569,"date":"2024-10-07T16:42:24","date_gmt":"2024-10-07T19:42:24","guid":{"rendered":"https:\/\/elconquistadorredloslagos.cl\/test\/?p=3569"},"modified":"2024-10-07T16:42:25","modified_gmt":"2024-10-07T19:42:25","slug":"injuv-reunio-a-mas-de-60-jovenes-en-su-tercera-mesa-regional-de-juventudes","status":"publish","type":"post","link":"https:\/\/elconquistadorredloslagos.cl\/test\/blog\/2024\/10\/07\/injuv-reunio-a-mas-de-60-jovenes-en-su-tercera-mesa-regional-de-juventudes\/","title":{"rendered":"INJUV reuni\u00f3 a m\u00e1s de 60 j\u00f3venes en su Tercera Mesa Regional de Juventudes"},"content":{"rendered":"\n<p>Recientemente se llev\u00f3 a cabo la tercera jornada de la Mesa Regional de Juventudes en el Sal\u00f3n Azul del Centro Administrativo de la regi\u00f3n. Dicha instancia se suma a los encuentros que buscan promover espacios de di\u00e1logo, reflexi\u00f3n y propuestas de mejora para las necesidades identificadas por las juventudes a nivel local, donde el Instituto Nacional de la Juventud (INJUV) es el articulador de las propuestas levantadas con el fin de avanzar en la elaboraci\u00f3n y\/o cooperaci\u00f3n de estrategias juveniles.<\/p>\n\n\n\n<p>El director regional del INJUV, Jorge San Mart\u00edn Barra, se\u00f1al\u00f3 que \u00abeste es un espacio seguro, de participaci\u00f3n incidente para las juventudes. Hoy tuvimos una participaci\u00f3n de las cuatro provincias y el objetivo de este espacio es seguir avanzando en el levantamiento de informaci\u00f3n que nos permita poder dise\u00f1ar programas e iniciativas con un respaldo s\u00f3lido y que nos permita buscar recursos para el 2025. Siempre pensando en incluir las propuestas que las juventudes nos manifiestan\u00bb.<\/p>\n\n\n\n<p>Durante el mes de noviembre, se estima poder realizar la cuarta Mesa Regional de Juventudes en la provincia de Chilo\u00e9, pudiendo ampliar la participaci\u00f3n de las y los j\u00f3venes que se encuentran en este territorio y que buscan plasmar sus ideas durante el presente a\u00f1o.<\/p>\n","protected":false},"excerpt":{"rendered":"<p>Recientemente se llev\u00f3 a cabo la tercera jornada de la Mesa Regional de Juventudes en el Sal\u00f3n Azul del Centro Administrativo de la regi\u00f3n. Dicha instancia se suma a los..<\/p>\n","protected":false},"author":2,"featured_media":3570,"comment_status":"open","ping_status":"open","sticky":false,"template":"","format":"standard","meta":{"footnotes":""},"categories":[28],"tags":[],"class_list":["post-3569","post","type-post","status-publish","format-standard","has-post-thumbnail","hentry","category-actual"],"rttpg_featured_image_url":{"full":["https:\/\/elconquistadorredloslagos.cl\/test\/wp-content\/uploads\/2024\/10\/MRJ_3-scaled.jpeg",2560,1920,false],"landscape":["https:\/\/elconquistadorredloslagos.cl\/test\/wp-content\/uploads\/2024\/10\/MRJ_3-scaled.jpeg",2560,1920,false],"portraits":["https:\/\/elconquistadorredloslagos.cl\/test\/wp-content\/uploads\/2024\/10\/MRJ_3-scaled.jpeg",2560,1920,false],"thumbnail":["https:\/\/elconquistadorredloslagos.cl\/test\/wp-content\/uploads\/2024\/10\/MRJ_3-150x150.jpeg",150,150,true],"medium":["https:\/\/elconquistadorredloslagos.cl\/test\/wp-content\/uploads\/2024\/10\/MRJ_3-300x225.jpeg",300,225,true],"large":["https:\/\/elconquistadorredloslagos.cl\/test\/wp-content\/uploads\/2024\/10\/MRJ_3-1024x768.jpeg",1024,768,true],"1536x1536":["https:\/\/elconquistadorredloslagos.cl\/test\/wp-content\/uploads\/2024\/10\/MRJ_3-1536x1152.jpeg",1536,1152,true],"2048x2048":["https:\/\/elconquistadorredloslagos.cl\/test\/wp-content\/uploads\/2024\/10\/MRJ_3-2048x1536.jpeg",2048,1536,true]},"rttpg_author":{"display_name":"ccardenas","author_link":"https:\/\/elconquistadorredloslagos.cl\/test\/blog\/author\/ccardenas\/"},"rttpg_comment":0,"rttpg_category":"<a href=\"https:\/\/elconquistadorredloslagos.cl\/test\/blog\/category\/actual\/\" rel=\"category tag\">Actualidad<\/a>","rttpg_excerpt":"Recientemente se llev\u00f3 a cabo la tercera jornada de la Mesa Regional de Juventudes en el Sal\u00f3n Azul del Centro Administrativo de la regi\u00f3n. Dicha instancia se suma a los..","_links":{"self":[{"href":"https:\/\/elconquistadorredloslagos.cl\/test\/wp-json\/wp\/v2\/posts\/3569","targetHints":{"allow":["GET"]}}],"collection":[{"href":"https:\/\/elconquistadorredloslagos.cl\/test\/wp-json\/wp\/v2\/posts"}],"about":[{"href":"https:\/\/elconquistadorredloslagos.cl\/test\/wp-json\/wp\/v2\/types\/post"}],"author":[{"embeddable":true,"href":"https:\/\/elconquistadorredloslagos.cl\/test\/wp-json\/wp\/v2\/users\/2"}],"replies":[{"embeddable":true,"href":"https:\/\/elconquistadorredloslagos.cl\/test\/wp-json\/wp\/v2\/comments?post=3569"}],"version-history":[{"count":1,"href":"https:\/\/elconquistadorredloslagos.cl\/test\/wp-json\/wp\/v2\/posts\/3569\/revisions"}],"predecessor-version":[{"id":3571,"href":"https:\/\/elconquistadorredloslagos.cl\/test\/wp-json\/wp\/v2\/posts\/3569\/revisions\/3571"}],"wp:featuredmedia":[{"embeddable":true,"href":"https:\/\/elconquistadorredloslagos.cl\/test\/wp-json\/wp\/v2\/media\/3570"}],"wp:attachment":[{"href":"https:\/\/elconquistadorredloslagos.cl\/test\/wp-json\/wp\/v2\/media?parent=3569"}],"wp:term":[{"taxonomy":"category","embeddable":true,"href":"https:\/\/elconquistadorredloslagos.cl\/test\/wp-json\/wp\/v2\/categories?post=3569"},{"taxonomy":"post_tag","embeddable":true,"href":"https:\/\/elconquistadorredloslagos.cl\/test\/wp-json\/wp\/v2\/tags?post=3569"}],"curies":[{"name":"wp","href":"https:\/\/api.w.org\/{rel}","templated":true}]}}