{"id":3563,"date":"2024-10-07T15:27:44","date_gmt":"2024-10-07T18:27:44","guid":{"rendered":"https:\/\/elconquistadorredloslagos.cl\/test\/?p=3563"},"modified":"2024-10-07T15:27:45","modified_gmt":"2024-10-07T18:27:45","slug":"ex-ministro-de-la-corte-de-apelaciones-de-puerto-montt-como-fiscal-judicial-de-la-corte-suprema","status":"publish","type":"post","link":"https:\/\/elconquistadorredloslagos.cl\/test\/blog\/2024\/10\/07\/ex-ministro-de-la-corte-de-apelaciones-de-puerto-montt-como-fiscal-judicial-de-la-corte-suprema\/","title":{"rendered":"Ex ministro de la Corte de Apelaciones de Puerto Montt como Fiscal Judicial de la Corte Suprema"},"content":{"rendered":"\n<p>El exministro de la Corte de Apelaciones de Puerto Montt, Jorge Pizarro Astudillo, asumi\u00f3 como nuevo fiscal judicial de la Corte Suprema, en una ceremonia encabezada por el presidente del m\u00e1ximo tribunal, Ricardo Blanco Herrera.<\/p>\n\n\n\n<p>En el solemne acto -que se inici\u00f3 a las 8.30 horas- tambi\u00e9n juraron y asumieron como ministras de la Corte Suprema J\u00e9ssica Gonz\u00e1lez Troncoso y Mireya L\u00f3pez Miranda; la cual qued\u00f3 conformada de manera paritaria, por primera vez en 200 a\u00f1os de historia, por 10 hombres y 10 mujeres.<\/p>\n\n\n\n<p>El expresidente de la Corte de Apelaciones de Puerto Montt, Jorge Pizarro Astudillo, en tanto, manifest\u00f3 que los desaf\u00edos que asume con el cargo son \u201ccumplir la ley, en los destinos que los legisladores as\u00ed quieran darle al quehacer, refiri\u00e9ndome a lo de la fiscal\u00eda, y lo que por supuesto pasar\u00e1 por la opini\u00f3n de la Corte Suprema; no olvidemos que es un \u00f3rgano auxiliar de justicia, que estar\u00e1 siempre a lo que disponga el Pleno\u201d.<\/p>\n","protected":false},"excerpt":{"rendered":"<p>El exministro de la Corte de Apelaciones de Puerto Montt, Jorge Pizarro Astudillo, asumi\u00f3 como nuevo fiscal judicial de la Corte Suprema, en una ceremonia encabezada por el presidente del..<\/p>\n","protected":false},"author":2,"featured_media":3564,"comment_status":"open","ping_status":"open","sticky":false,"template":"","format":"standard","meta":{"footnotes":""},"categories":[1,28],"tags":[],"class_list":["post-3563","post","type-post","status-publish","format-standard","has-post-thumbnail","hentry","category-acontecer","category-actual"],"rttpg_featured_image_url":{"full":["https:\/\/elconquistadorredloslagos.cl\/test\/wp-content\/uploads\/2024\/10\/Juramento-fiscal-judicial-Corte-Suprema_7-oct-2024-7.jpeg",1600,1066,false],"landscape":["https:\/\/elconquistadorredloslagos.cl\/test\/wp-content\/uploads\/2024\/10\/Juramento-fiscal-judicial-Corte-Suprema_7-oct-2024-7.jpeg",1600,1066,false],"portraits":["https:\/\/elconquistadorredloslagos.cl\/test\/wp-content\/uploads\/2024\/10\/Juramento-fiscal-judicial-Corte-Suprema_7-oct-2024-7.jpeg",1600,1066,false],"thumbnail":["https:\/\/elconquistadorredloslagos.cl\/test\/wp-content\/uploads\/2024\/10\/Juramento-fiscal-judicial-Corte-Suprema_7-oct-2024-7-150x150.jpeg",150,150,true],"medium":["https:\/\/elconquistadorredloslagos.cl\/test\/wp-content\/uploads\/2024\/10\/Juramento-fiscal-judicial-Corte-Suprema_7-oct-2024-7-300x200.jpeg",300,200,true],"large":["https:\/\/elconquistadorredloslagos.cl\/test\/wp-content\/uploads\/2024\/10\/Juramento-fiscal-judicial-Corte-Suprema_7-oct-2024-7-1024x682.jpeg",1024,682,true],"1536x1536":["https:\/\/elconquistadorredloslagos.cl\/test\/wp-content\/uploads\/2024\/10\/Juramento-fiscal-judicial-Corte-Suprema_7-oct-2024-7-1536x1023.jpeg",1536,1023,true],"2048x2048":["https:\/\/elconquistadorredloslagos.cl\/test\/wp-content\/uploads\/2024\/10\/Juramento-fiscal-judicial-Corte-Suprema_7-oct-2024-7.jpeg",1600,1066,false]},"rttpg_author":{"display_name":"ccardenas","author_link":"https:\/\/elconquistadorredloslagos.cl\/test\/blog\/author\/ccardenas\/"},"rttpg_comment":0,"rttpg_category":"<a href=\"https:\/\/elconquistadorredloslagos.cl\/test\/blog\/category\/actual\/acontecer\/\" rel=\"category tag\">Acontecer<\/a> <a href=\"https:\/\/elconquistadorredloslagos.cl\/test\/blog\/category\/actual\/\" rel=\"category tag\">Actualidad<\/a>","rttpg_excerpt":"El exministro de la Corte de Apelaciones de Puerto Montt, Jorge Pizarro Astudillo, asumi\u00f3 como nuevo fiscal judicial de la Corte Suprema, en una ceremonia encabezada por el presidente del..","_links":{"self":[{"href":"https:\/\/elconquistadorredloslagos.cl\/test\/wp-json\/wp\/v2\/posts\/3563","targetHints":{"allow":["GET"]}}],"collection":[{"href":"https:\/\/elconquistadorredloslagos.cl\/test\/wp-json\/wp\/v2\/posts"}],"about":[{"href":"https:\/\/elconquistadorredloslagos.cl\/test\/wp-json\/wp\/v2\/types\/post"}],"author":[{"embeddable":true,"href":"https:\/\/elconquistadorredloslagos.cl\/test\/wp-json\/wp\/v2\/users\/2"}],"replies":[{"embeddable":true,"href":"https:\/\/elconquistadorredloslagos.cl\/test\/wp-json\/wp\/v2\/comments?post=3563"}],"version-history":[{"count":1,"href":"https:\/\/elconquistadorredloslagos.cl\/test\/wp-json\/wp\/v2\/posts\/3563\/revisions"}],"predecessor-version":[{"id":3565,"href":"https:\/\/elconquistadorredloslagos.cl\/test\/wp-json\/wp\/v2\/posts\/3563\/revisions\/3565"}],"wp:featuredmedia":[{"embeddable":true,"href":"https:\/\/elconquistadorredloslagos.cl\/test\/wp-json\/wp\/v2\/media\/3564"}],"wp:attachment":[{"href":"https:\/\/elconquistadorredloslagos.cl\/test\/wp-json\/wp\/v2\/media?parent=3563"}],"wp:term":[{"taxonomy":"category","embeddable":true,"href":"https:\/\/elconquistadorredloslagos.cl\/test\/wp-json\/wp\/v2\/categories?post=3563"},{"taxonomy":"post_tag","embeddable":true,"href":"https:\/\/elconquistadorredloslagos.cl\/test\/wp-json\/wp\/v2\/tags?post=3563"}],"curies":[{"name":"wp","href":"https:\/\/api.w.org\/{rel}","templated":true}]}}