{"id":3535,"date":"2024-10-07T11:49:23","date_gmt":"2024-10-07T14:49:23","guid":{"rendered":"https:\/\/elconquistadorredloslagos.cl\/test\/?p=3535"},"modified":"2024-10-07T12:08:12","modified_gmt":"2024-10-07T15:08:12","slug":"anuncian-lavados-en-la-redde-agua-potable-de-ancud","status":"publish","type":"post","link":"https:\/\/elconquistadorredloslagos.cl\/test\/blog\/2024\/10\/07\/anuncian-lavados-en-la-redde-agua-potable-de-ancud\/","title":{"rendered":"Anuncian lavados en la red de agua potable de Ancud"},"content":{"rendered":"\n<p>de lavado en la red de distribuci\u00f3n que se extender\u00e1 desde el lunes 7 hasta el jueves 10 de octubre, en diversos lugares de Ancud. <\/p>\n\n\n\n<p>El gerente de Operaciones de Suralis, Marcelo Cofr\u00e9, expres\u00f3 que la medida forma parte de un trabajo m\u00e1s amplio que incluye inversiones en el sistema de producci\u00f3n para mantener el est\u00e1ndar de calidad de servicio en la ciudad.<\/p>\n\n\n\n<figure class=\"wp-block-audio\"><audio controls src=\"https:\/\/elconquistadorredloslagos.cl\/test\/wp-content\/uploads\/2024\/10\/1.-CUNA-MARCELO-COFRE.mp3\"><\/audio><\/figure>\n\n\n\n<p>El ejecutivo aclar\u00f3 que, en t\u00e9rminos generales, el lavado de red consiste en la activaci\u00f3n controlada de grifos a gran presi\u00f3n, en un determinado sector, lo que genera la remoci\u00f3n de minerales adosados en la red y producen episodios de turbiedad durante del desarrollo de los trabajos.<\/p>\n\n\n\n<figure class=\"wp-block-audio\"><audio controls src=\"https:\/\/elconquistadorredloslagos.cl\/test\/wp-content\/uploads\/2024\/10\/2.-CUNA-MARCELO-COFRE.mp3\"><\/audio><\/figure>\n\n\n\n<p>Respecto de la planificaci\u00f3n y sectores desde Suralis especificaron que los trabajos ser\u00e1n realizados por equipos t\u00e9cnicos especializados entre las 15:00 y las 21:00 horas los siguientes d\u00edas y horarios:<\/p>\n\n\n\n<p>Lunes 7 de octubre: Sector Pudeto Alto; poblaciones Alto de Caracoles y Comandante Araya; villas Los Volcanes, Bosque Verde, Las Artes, San Juan de Dios, Pen\u00ednsula de Lacuy y Rosaura; calle Elena Vera Mu\u00f1oz. Martes 9 de octubre: Villas Chilo\u00e9, Las Araucarias y Nueva Galicia. Calle Almirante Latorre. Mi\u00e9rcoles 10 de octubre: Poblaciones In\u00e9s de Baz\u00e1n; Bellavista 1, 2 y 3; 1\u00b0 de Mayo y Libertad; villas Archipi\u00e9lago Aldeas SOS y sector donde se emplaza el Grupo de Instrucci\u00f3n Policial.<\/p>\n\n\n\n<p>Jueves 11 de octubre: Poblaciones Casamar, 22 de Mayo, Santa J\u00e9ssica, San Valent\u00edn, Goleta Sebastiana y Vista Hermosa; sectores Costanera Norte, Arena Gruesa y San Antonio; villa Fuerte Real; calle Pedro Montt entre San Antonio y O\u00b4Higgins, calle Huaihu\u00e9n.<\/p>\n\n\n\n<p>Respecto de la difusi\u00f3n, se han repartido volantes informativos casa a casa y posteriormente se distribuir\u00e1 informaci\u00f3n por grupos vecinales de WhatsApp. Ante requerimientos por los servicios de agua potable y alcantarillado, se pide a los clientes llamar al tel\u00e9fono de contacto 600 401 4000.<\/p>\n","protected":false},"excerpt":{"rendered":"<p>de lavado en la red de distribuci\u00f3n que se extender\u00e1 desde el lunes 7 hasta el jueves 10 de octubre, en diversos lugares de Ancud. El gerente de Operaciones de..<\/p>\n","protected":false},"author":2,"featured_media":3538,"comment_status":"open","ping_status":"open","sticky":false,"template":"","format":"standard","meta":{"footnotes":""},"categories":[1,28],"tags":[],"class_list":["post-3535","post","type-post","status-publish","format-standard","has-post-thumbnail","hentry","category-acontecer","category-actual"],"rttpg_featured_image_url":{"full":["https:\/\/elconquistadorredloslagos.cl\/test\/wp-content\/uploads\/2024\/10\/WhatsApp-Image-2024-10-07-at-10.26.23.jpeg",1280,960,false],"landscape":["https:\/\/elconquistadorredloslagos.cl\/test\/wp-content\/uploads\/2024\/10\/WhatsApp-Image-2024-10-07-at-10.26.23.jpeg",1280,960,false],"portraits":["https:\/\/elconquistadorredloslagos.cl\/test\/wp-content\/uploads\/2024\/10\/WhatsApp-Image-2024-10-07-at-10.26.23.jpeg",1280,960,false],"thumbnail":["https:\/\/elconquistadorredloslagos.cl\/test\/wp-content\/uploads\/2024\/10\/WhatsApp-Image-2024-10-07-at-10.26.23-150x150.jpeg",150,150,true],"medium":["https:\/\/elconquistadorredloslagos.cl\/test\/wp-content\/uploads\/2024\/10\/WhatsApp-Image-2024-10-07-at-10.26.23-300x225.jpeg",300,225,true],"large":["https:\/\/elconquistadorredloslagos.cl\/test\/wp-content\/uploads\/2024\/10\/WhatsApp-Image-2024-10-07-at-10.26.23-1024x768.jpeg",1024,768,true],"1536x1536":["https:\/\/elconquistadorredloslagos.cl\/test\/wp-content\/uploads\/2024\/10\/WhatsApp-Image-2024-10-07-at-10.26.23.jpeg",1280,960,false],"2048x2048":["https:\/\/elconquistadorredloslagos.cl\/test\/wp-content\/uploads\/2024\/10\/WhatsApp-Image-2024-10-07-at-10.26.23.jpeg",1280,960,false]},"rttpg_author":{"display_name":"ccardenas","author_link":"https:\/\/elconquistadorredloslagos.cl\/test\/blog\/author\/ccardenas\/"},"rttpg_comment":0,"rttpg_category":"<a href=\"https:\/\/elconquistadorredloslagos.cl\/test\/blog\/category\/actual\/acontecer\/\" rel=\"category tag\">Acontecer<\/a> <a href=\"https:\/\/elconquistadorredloslagos.cl\/test\/blog\/category\/actual\/\" rel=\"category tag\">Actualidad<\/a>","rttpg_excerpt":"de lavado en la red de distribuci\u00f3n que se extender\u00e1 desde el lunes 7 hasta el jueves 10 de octubre, en diversos lugares de Ancud. El gerente de Operaciones de..","_links":{"self":[{"href":"https:\/\/elconquistadorredloslagos.cl\/test\/wp-json\/wp\/v2\/posts\/3535","targetHints":{"allow":["GET"]}}],"collection":[{"href":"https:\/\/elconquistadorredloslagos.cl\/test\/wp-json\/wp\/v2\/posts"}],"about":[{"href":"https:\/\/elconquistadorredloslagos.cl\/test\/wp-json\/wp\/v2\/types\/post"}],"author":[{"embeddable":true,"href":"https:\/\/elconquistadorredloslagos.cl\/test\/wp-json\/wp\/v2\/users\/2"}],"replies":[{"embeddable":true,"href":"https:\/\/elconquistadorredloslagos.cl\/test\/wp-json\/wp\/v2\/comments?post=3535"}],"version-history":[{"count":2,"href":"https:\/\/elconquistadorredloslagos.cl\/test\/wp-json\/wp\/v2\/posts\/3535\/revisions"}],"predecessor-version":[{"id":3544,"href":"https:\/\/elconquistadorredloslagos.cl\/test\/wp-json\/wp\/v2\/posts\/3535\/revisions\/3544"}],"wp:featuredmedia":[{"embeddable":true,"href":"https:\/\/elconquistadorredloslagos.cl\/test\/wp-json\/wp\/v2\/media\/3538"}],"wp:attachment":[{"href":"https:\/\/elconquistadorredloslagos.cl\/test\/wp-json\/wp\/v2\/media?parent=3535"}],"wp:term":[{"taxonomy":"category","embeddable":true,"href":"https:\/\/elconquistadorredloslagos.cl\/test\/wp-json\/wp\/v2\/categories?post=3535"},{"taxonomy":"post_tag","embeddable":true,"href":"https:\/\/elconquistadorredloslagos.cl\/test\/wp-json\/wp\/v2\/tags?post=3535"}],"curies":[{"name":"wp","href":"https:\/\/api.w.org\/{rel}","templated":true}]}}