{"id":3521,"date":"2024-10-06T22:58:23","date_gmt":"2024-10-07T01:58:23","guid":{"rendered":"https:\/\/elconquistadorredloslagos.cl\/test\/?p=3521"},"modified":"2024-10-06T23:16:58","modified_gmt":"2024-10-07T02:16:58","slug":"huilliches-de-los-lagos-piden-ser-reconocidos-como-etnia-indigena-de-chile","status":"publish","type":"post","link":"https:\/\/elconquistadorredloslagos.cl\/test\/blog\/2024\/10\/06\/huilliches-de-los-lagos-piden-ser-reconocidos-como-etnia-indigena-de-chile\/","title":{"rendered":"Huilliches de Los Lagos piden ser reconocidos como etnia ind\u00edgena de Chile"},"content":{"rendered":"\n<h5 class=\"wp-block-heading\"><em>El art\u00edculo 60 de la ley ind\u00edgena actualmente limita el reconocimiento territorial de los huilliches a la Regi\u00f3n de Los Lagos, pero la ampliaci\u00f3n a Ays\u00e9n ha generado preocupaciones sobre una posible fragmentaci\u00f3n de la identidad mapuche.<\/em><\/h5>\n\n\n\n<p>El cacique mayor del pueblo huilliche de Chilo\u00e9, Am\u00e9rico Lincom\u00e1n, explic\u00f3 que al acceder a esta invitaci\u00f3n pudieron exponer esta petici\u00f3n \u201cque por a\u00f1os venimos luchando para ser reconocidos como pueblo hulliche chilote\u201d.<br>Admiti\u00f3 que quedaba satisfecho tras sostener reuniones con parlamentarios para \u201cir avanzando en esto\u201d. Expuso que seguir\u00e1n \u201ctrabajando unidos\u201d, tal como en este viaje en el que participaron representantes de Chilo\u00e9, Ays\u00e9n y Punta Arenas \u201cpara ver las problem\u00e1ticas que hoy existen\u201d.<br>El lonko de la comunidad \u00d1uke Mapu, del sector Avellanal en Calbuco, Juan Guaiqu\u00edn, especific\u00f3 que de prosperar esta propuesta, \u201cya no ser\u00e1 un pueblo mapuche-huilliche, ser\u00e1 huilliche\u201d, lo que -aventur\u00f3- \u201cen una o dos semanas (el punto) estar\u00e1 subiendo a tabla\u201d para la votaci\u00f3n de esta modificaci\u00f3n legal.<\/p>\n\n\n\n<p><br>A su juicio, este reconocimiento implicar\u00e1 que las comunidades huilliches podr\u00e1n optar a derechos y beneficios estatales. \u201cLa gente est\u00e1 contenta hoy d\u00eda, como que Chile haya ganado un mundial. Porque la mayor\u00eda de los recursos se iban a La Araucan\u00eda y lo que sobraba era para nosotros (\u2026). El reconocimiento es muy bueno para todos. En este territorio nunca existieron los mapuches, existieron los huilliches, gente de mar\u201d, subray\u00f3.<\/p>\n\n\n\n<p><br>El senador Fidel Espinoza (PS), que comparti\u00f3 con la comitiva en el Congreso, record\u00f3 que cuando fue presentada la iniciativa \u201cmucha gente del pueblo mapuche consideraba que era una divisi\u00f3n del pueblo mapuche-huilliche. Yo no lo considero as\u00ed. Tienen caracter\u00edsticas diferentes\u201d.<br>Estim\u00f3 que es un reconocimiento \u201cque se merecen y que adem\u00e1s tiene sustento hist\u00f3rico\u201d. Espinoza anunci\u00f3 que \u201clos voy a apoyar en su iniciativa. Su visita fue importante, tuvo caracter\u00edsticas relevantes, desde el punto de vista de la forma en que lograron reunir a parlamentarios de diferentes colores pol\u00edticos. Eso es un signo de avance, en una materia que en el pasado qued\u00f3 estancada\u201d.<\/p>\n\n\n\n<p><br>Mauro Gonz\u00e1lez (RN), ratific\u00f3 que junto a otros legisladores \u201cestamos pidiendo que los proyectos que est\u00e1n en el Senado, en la Comisi\u00f3n de Derechos Humanos, puedan ser votados y puedan avanzar\u201d.<br>El tambi\u00e9n legislador por el Distrito 26 estim\u00f3 \u201cfundamental que este proyecto no siga paralizado, que se pueda votar y que despu\u00e9s pase a la sala, para lo que solicit\u00f3 el apoyo de los senadores y del Gobierno.<br>Gonz\u00e1lez afirm\u00f3 que de esa forma visibilizan \u201ceste anhelo para que este pueblo pueda ser reconocido por el Estado. Este pueblo realiza un tremendo aporte, que trabaja, que defiende su cultura\u201d.<\/p>\n\n\n\n<p>Por Equipo El Conquistador RedLosLagos |Foto ADN.<\/p>\n","protected":false},"excerpt":{"rendered":"<p>El art\u00edculo 60 de la ley ind\u00edgena actualmente limita el reconocimiento territorial de los huilliches a la Regi\u00f3n de Los Lagos, pero la ampliaci\u00f3n a Ays\u00e9n ha generado preocupaciones sobre..<\/p>\n","protected":false},"author":7,"featured_media":3522,"comment_status":"open","ping_status":"open","sticky":false,"template":"","format":"standard","meta":{"footnotes":""},"categories":[1],"tags":[],"class_list":["post-3521","post","type-post","status-publish","format-standard","has-post-thumbnail","hentry","category-acontecer"],"rttpg_featured_image_url":{"full":["https:\/\/elconquistadorredloslagos.cl\/test\/wp-content\/uploads\/2024\/10\/huilliches-de-Los-Lagos-1.png",1920,1080,false],"landscape":["https:\/\/elconquistadorredloslagos.cl\/test\/wp-content\/uploads\/2024\/10\/huilliches-de-Los-Lagos-1.png",1920,1080,false],"portraits":["https:\/\/elconquistadorredloslagos.cl\/test\/wp-content\/uploads\/2024\/10\/huilliches-de-Los-Lagos-1.png",1920,1080,false],"thumbnail":["https:\/\/elconquistadorredloslagos.cl\/test\/wp-content\/uploads\/2024\/10\/huilliches-de-Los-Lagos-1-150x150.png",150,150,true],"medium":["https:\/\/elconquistadorredloslagos.cl\/test\/wp-content\/uploads\/2024\/10\/huilliches-de-Los-Lagos-1-300x169.png",300,169,true],"large":["https:\/\/elconquistadorredloslagos.cl\/test\/wp-content\/uploads\/2024\/10\/huilliches-de-Los-Lagos-1-1024x576.png",1024,576,true],"1536x1536":["https:\/\/elconquistadorredloslagos.cl\/test\/wp-content\/uploads\/2024\/10\/huilliches-de-Los-Lagos-1-1536x864.png",1536,864,true],"2048x2048":["https:\/\/elconquistadorredloslagos.cl\/test\/wp-content\/uploads\/2024\/10\/huilliches-de-Los-Lagos-1.png",1920,1080,false]},"rttpg_author":{"display_name":"enzodelahoz1988","author_link":"https:\/\/elconquistadorredloslagos.cl\/test\/blog\/author\/enzodelahoz1988\/"},"rttpg_comment":0,"rttpg_category":"<a href=\"https:\/\/elconquistadorredloslagos.cl\/test\/blog\/category\/actual\/acontecer\/\" rel=\"category tag\">Acontecer<\/a>","rttpg_excerpt":"El art\u00edculo 60 de la ley ind\u00edgena actualmente limita el reconocimiento territorial de los huilliches a la Regi\u00f3n de Los Lagos, pero la ampliaci\u00f3n a Ays\u00e9n ha generado preocupaciones sobre..","_links":{"self":[{"href":"https:\/\/elconquistadorredloslagos.cl\/test\/wp-json\/wp\/v2\/posts\/3521","targetHints":{"allow":["GET"]}}],"collection":[{"href":"https:\/\/elconquistadorredloslagos.cl\/test\/wp-json\/wp\/v2\/posts"}],"about":[{"href":"https:\/\/elconquistadorredloslagos.cl\/test\/wp-json\/wp\/v2\/types\/post"}],"author":[{"embeddable":true,"href":"https:\/\/elconquistadorredloslagos.cl\/test\/wp-json\/wp\/v2\/users\/7"}],"replies":[{"embeddable":true,"href":"https:\/\/elconquistadorredloslagos.cl\/test\/wp-json\/wp\/v2\/comments?post=3521"}],"version-history":[{"count":2,"href":"https:\/\/elconquistadorredloslagos.cl\/test\/wp-json\/wp\/v2\/posts\/3521\/revisions"}],"predecessor-version":[{"id":3524,"href":"https:\/\/elconquistadorredloslagos.cl\/test\/wp-json\/wp\/v2\/posts\/3521\/revisions\/3524"}],"wp:featuredmedia":[{"embeddable":true,"href":"https:\/\/elconquistadorredloslagos.cl\/test\/wp-json\/wp\/v2\/media\/3522"}],"wp:attachment":[{"href":"https:\/\/elconquistadorredloslagos.cl\/test\/wp-json\/wp\/v2\/media?parent=3521"}],"wp:term":[{"taxonomy":"category","embeddable":true,"href":"https:\/\/elconquistadorredloslagos.cl\/test\/wp-json\/wp\/v2\/categories?post=3521"},{"taxonomy":"post_tag","embeddable":true,"href":"https:\/\/elconquistadorredloslagos.cl\/test\/wp-json\/wp\/v2\/tags?post=3521"}],"curies":[{"name":"wp","href":"https:\/\/api.w.org\/{rel}","templated":true}]}}