{"id":3494,"date":"2024-10-04T09:37:29","date_gmt":"2024-10-04T12:37:29","guid":{"rendered":"https:\/\/elconquistadorredloslagos.cl\/test\/?p=3494"},"modified":"2024-10-04T09:37:30","modified_gmt":"2024-10-04T12:37:30","slug":"saesa-se-hace-presente-en-limpieza-de-playa-por-campana-limpiemos-chiloe-en-un-dia","status":"publish","type":"post","link":"https:\/\/elconquistadorredloslagos.cl\/test\/blog\/2024\/10\/04\/saesa-se-hace-presente-en-limpieza-de-playa-por-campana-limpiemos-chiloe-en-un-dia\/","title":{"rendered":"Saesa se hace presente en limpieza de playa por campa\u00f1a \u201cLimpiemos Chilo\u00e9 en un d\u00eda\u201d"},"content":{"rendered":"\n<p>Con motivo del \u201cD\u00eda Nacional del Medio Ambiente\u201d es que una comitiva de representantes de la empresa Saesa se movilizaron hasta la comuna de Quinchao, m\u00e1s espec\u00edficamente hasta el humedal de \u201cVilla Quinchao\u201d, para hacerse parte de la actividad de limpieza de la playa y sus alrededores, apoyando con implementos para que representantes de Saesa pudieran realizar la limpieza junto a las dem\u00e1s entidades presentes en el lugar.<\/p>\n\n\n\n<p>La propuesta, \u201cLimpiemos Chilo\u00e9 en un d\u00eda\u201d, forma parte del proyecto \u201cRecupera y Transforma\u201d, una iniciativa impulsada por la fundaci\u00f3n \u201cLa Ciudad Posible\u201d, con el apoyo de los municipios de todos los puntos del archipi\u00e9lago, as\u00ed como de empresas privadas como Saesa y organizaciones locales comprometidas con la sostenibilidad. Pablo Mill\u00e1n, gerente de Saesa en Chilo\u00e9, expres\u00f3 su alegr\u00eda y el compromiso de la el\u00e9ctrica con este tipo de iniciativas.<\/p>\n\n\n\n<figure class=\"wp-block-audio\"><audio controls src=\"https:\/\/elconquistadorredloslagos.cl\/test\/wp-content\/uploads\/2024\/10\/Pablo-Millan-Gerente-Saesa-Chiloe.mp3\"><\/audio><\/figure>\n\n\n\n<p>En ese sentido, la coordinadora de proyectos de la fundaci\u00f3n \u201cLa Ciudad Posible\u201d, Mar\u00eda Jos\u00e9 Sep\u00falveda, recalc\u00f3 el apoyo de las empresas privadas en estos proyectos.<\/p>\n\n\n\n<figure class=\"wp-block-audio\"><audio controls src=\"https:\/\/elconquistadorredloslagos.cl\/test\/wp-content\/uploads\/2024\/10\/Maria-Jose-Sepulveda-Coordinadora-de-proyectos-Fundacion-La-Ciudad-Posible.mp3\"><\/audio><\/figure>\n\n\n\n<p>De igual forma, Patricio Fuentes, encargado de la Oficina de Medio Ambiente de la Municipalidad de Quinchao, se sum\u00f3 a los agradecimientos para Saesa.<\/p>\n\n\n\n<figure class=\"wp-block-audio\"><audio controls src=\"https:\/\/elconquistadorredloslagos.cl\/test\/wp-content\/uploads\/2024\/10\/Patricio-Fuentes-Encargado-Of.-Medio-Ambiente-Muni.-Quinchao.mp3\"><\/audio><\/figure>\n\n\n\n<p>La actividad logr\u00f3 sacar cerca de 40 metros c\u00fabicos de residuos para ser reciclados, por lo que la jornada se transform\u00f3 en todo un \u00e9xito. Por lo mismo, Saesa seguir\u00e1 participando y promoviendo este tipo de iniciativas para el cuidado de nuestro medio ambiente.<\/p>\n","protected":false},"excerpt":{"rendered":"<p>Con motivo del \u201cD\u00eda Nacional del Medio Ambiente\u201d es que una comitiva de representantes de la empresa Saesa se movilizaron hasta la comuna de Quinchao, m\u00e1s espec\u00edficamente hasta el humedal..<\/p>\n","protected":false},"author":2,"featured_media":3500,"comment_status":"open","ping_status":"open","sticky":false,"template":"","format":"standard","meta":{"footnotes":""},"categories":[1,28],"tags":[],"class_list":["post-3494","post","type-post","status-publish","format-standard","has-post-thumbnail","hentry","category-acontecer","category-actual"],"rttpg_featured_image_url":{"full":["https:\/\/elconquistadorredloslagos.cl\/test\/wp-content\/uploads\/2024\/10\/Imagen-de-WhatsApp-2024-10-03-a-las-13.19.31_1bcdcb09.jpg",1280,963,false],"landscape":["https:\/\/elconquistadorredloslagos.cl\/test\/wp-content\/uploads\/2024\/10\/Imagen-de-WhatsApp-2024-10-03-a-las-13.19.31_1bcdcb09.jpg",1280,963,false],"portraits":["https:\/\/elconquistadorredloslagos.cl\/test\/wp-content\/uploads\/2024\/10\/Imagen-de-WhatsApp-2024-10-03-a-las-13.19.31_1bcdcb09.jpg",1280,963,false],"thumbnail":["https:\/\/elconquistadorredloslagos.cl\/test\/wp-content\/uploads\/2024\/10\/Imagen-de-WhatsApp-2024-10-03-a-las-13.19.31_1bcdcb09-150x150.jpg",150,150,true],"medium":["https:\/\/elconquistadorredloslagos.cl\/test\/wp-content\/uploads\/2024\/10\/Imagen-de-WhatsApp-2024-10-03-a-las-13.19.31_1bcdcb09-300x226.jpg",300,226,true],"large":["https:\/\/elconquistadorredloslagos.cl\/test\/wp-content\/uploads\/2024\/10\/Imagen-de-WhatsApp-2024-10-03-a-las-13.19.31_1bcdcb09-1024x770.jpg",1024,770,true],"1536x1536":["https:\/\/elconquistadorredloslagos.cl\/test\/wp-content\/uploads\/2024\/10\/Imagen-de-WhatsApp-2024-10-03-a-las-13.19.31_1bcdcb09.jpg",1280,963,false],"2048x2048":["https:\/\/elconquistadorredloslagos.cl\/test\/wp-content\/uploads\/2024\/10\/Imagen-de-WhatsApp-2024-10-03-a-las-13.19.31_1bcdcb09.jpg",1280,963,false]},"rttpg_author":{"display_name":"ccardenas","author_link":"https:\/\/elconquistadorredloslagos.cl\/test\/blog\/author\/ccardenas\/"},"rttpg_comment":0,"rttpg_category":"<a href=\"https:\/\/elconquistadorredloslagos.cl\/test\/blog\/category\/actual\/acontecer\/\" rel=\"category tag\">Acontecer<\/a> <a href=\"https:\/\/elconquistadorredloslagos.cl\/test\/blog\/category\/actual\/\" rel=\"category tag\">Actualidad<\/a>","rttpg_excerpt":"Con motivo del \u201cD\u00eda Nacional del Medio Ambiente\u201d es que una comitiva de representantes de la empresa Saesa se movilizaron hasta la comuna de Quinchao, m\u00e1s espec\u00edficamente hasta el humedal..","_links":{"self":[{"href":"https:\/\/elconquistadorredloslagos.cl\/test\/wp-json\/wp\/v2\/posts\/3494","targetHints":{"allow":["GET"]}}],"collection":[{"href":"https:\/\/elconquistadorredloslagos.cl\/test\/wp-json\/wp\/v2\/posts"}],"about":[{"href":"https:\/\/elconquistadorredloslagos.cl\/test\/wp-json\/wp\/v2\/types\/post"}],"author":[{"embeddable":true,"href":"https:\/\/elconquistadorredloslagos.cl\/test\/wp-json\/wp\/v2\/users\/2"}],"replies":[{"embeddable":true,"href":"https:\/\/elconquistadorredloslagos.cl\/test\/wp-json\/wp\/v2\/comments?post=3494"}],"version-history":[{"count":1,"href":"https:\/\/elconquistadorredloslagos.cl\/test\/wp-json\/wp\/v2\/posts\/3494\/revisions"}],"predecessor-version":[{"id":3501,"href":"https:\/\/elconquistadorredloslagos.cl\/test\/wp-json\/wp\/v2\/posts\/3494\/revisions\/3501"}],"wp:featuredmedia":[{"embeddable":true,"href":"https:\/\/elconquistadorredloslagos.cl\/test\/wp-json\/wp\/v2\/media\/3500"}],"wp:attachment":[{"href":"https:\/\/elconquistadorredloslagos.cl\/test\/wp-json\/wp\/v2\/media?parent=3494"}],"wp:term":[{"taxonomy":"category","embeddable":true,"href":"https:\/\/elconquistadorredloslagos.cl\/test\/wp-json\/wp\/v2\/categories?post=3494"},{"taxonomy":"post_tag","embeddable":true,"href":"https:\/\/elconquistadorredloslagos.cl\/test\/wp-json\/wp\/v2\/tags?post=3494"}],"curies":[{"name":"wp","href":"https:\/\/api.w.org\/{rel}","templated":true}]}}