{"id":3484,"date":"2024-10-04T09:27:03","date_gmt":"2024-10-04T12:27:03","guid":{"rendered":"https:\/\/elconquistadorredloslagos.cl\/test\/?p=3484"},"modified":"2024-10-04T09:27:03","modified_gmt":"2024-10-04T12:27:03","slug":"celebran-dia-del-hospital-con-reconocimiento-a-funcionarias-y-funcionarios","status":"publish","type":"post","link":"https:\/\/elconquistadorredloslagos.cl\/test\/blog\/2024\/10\/04\/celebran-dia-del-hospital-con-reconocimiento-a-funcionarias-y-funcionarios\/","title":{"rendered":"Celebran D\u00eda del Hospital con reconocimiento a funcionarias y funcionarios"},"content":{"rendered":"\n<p>En el marco de la conmemoraci\u00f3n del D\u00eda del Hospital, se llev\u00f3 a cabo un emotivo acto en el Hospital de Quell\u00f3n, recordando los inicios de esta celebraci\u00f3n, que tiene sus ra\u00edces en la fundaci\u00f3n del primer hospital del pa\u00eds, el Hospital de Nuestra Se\u00f1ora del Socorro, hoy conocido como San Juan de Dios, establecido en Santiago el 3 de octubre de 1552.<\/p>\n\n\n\n<p>La actividad fue encabezada por el Director del Establecimiento, Francisco Camilo D\u00edaz, y cont\u00f3 con la participaci\u00f3n de autoridades comunales, entre ellas el Subdirector Administrativo del Servicio de Salud Chilo\u00e9, Germ\u00e1n L\u00f3pez, adem\u00e1s de la asistencia de funcionarios y funcionarias, gremios del establecimiento, voluntarias de las Damas de Colores, directivos del establecimiento, entre otros invitados. En la ocasi\u00f3n el alcalde de Quell\u00f3n, Cristian Ojeda Chiguay, valor\u00f3 el reconocimiento que se hizo a la trayectoria de funcionarios y funcionarias.<\/p>\n\n\n\n<figure class=\"wp-block-audio\"><audio controls src=\"https:\/\/elconquistadorredloslagos.cl\/test\/wp-content\/uploads\/2024\/10\/01-Cristian-Ojeda-Alcalde-de-Quellon.mp3\"><\/audio><\/figure>\n\n\n\n<p>En representaci\u00f3n del Servicio de Salud Chilo\u00e9, el Subdirector Administrativo Germ\u00e1n L\u00f3pez extendi\u00f3 la felicitaci\u00f3n por la vocaci\u00f3n de servicio de los funcionarios y funcionarias del establecimiento.<\/p>\n\n\n\n<figure class=\"wp-block-audio\"><audio controls src=\"https:\/\/elconquistadorredloslagos.cl\/test\/wp-content\/uploads\/2024\/10\/02-German-Lopez-Subdirector-Administrativo-SSCH.mp3\"><\/audio><\/figure>\n\n\n\n<p>Durante la ceremonia, se realiz\u00f3 un especial reconocimiento a los funcionarios y funcionarias por sus a\u00f1os de servicio, destacando su dedicaci\u00f3n y compromiso con la salud comunal. El dirigente gremial Luis Almonacid, fue reconocido por sus 35 a\u00f1os de servicio en la instituci\u00f3n y manifest\u00f3 su emoci\u00f3n por la trayectoria en la instituci\u00f3n.<\/p>\n\n\n\n<figure class=\"wp-block-audio\"><audio controls src=\"https:\/\/elconquistadorredloslagos.cl\/test\/wp-content\/uploads\/2024\/10\/03-Luis-Almonacid-Dirigente-Fenats-reconocido-por-35-anos-de-trayectoria.mp3\"><\/audio><\/figure>\n\n\n\n<p>Finalmente el director del establecimiento, se\u00f1or Francisco Camilo D\u00edaz, enfatiz\u00f3 que el centro de la actividad es el reconocimiento a los funcionarios y funcionarias por los a\u00f1os de servicio y entrega con la salud p\u00fablica.<\/p>\n\n\n\n<figure class=\"wp-block-audio\"><audio controls src=\"https:\/\/elconquistadorredloslagos.cl\/test\/wp-content\/uploads\/2024\/10\/04-Francisco-Camilo-Diaz-Director-del-Hospital-de-Quellon-x-aniv.mp3\"><\/audio><\/figure>\n\n\n\n<p>La jornada estuvo amenizada con presentaciones de baile y m\u00fasica a cargo del Club Infantil, la Escuela Hospitalaria, y como cierre, el Conjunto Folcl\u00f3rico del Hospital de Quell\u00f3n deleit\u00f3 a los asistentes.<\/p>\n","protected":false},"excerpt":{"rendered":"<p>En el marco de la conmemoraci\u00f3n del D\u00eda del Hospital, se llev\u00f3 a cabo un emotivo acto en el Hospital de Quell\u00f3n, recordando los inicios de esta celebraci\u00f3n, que tiene..<\/p>\n","protected":false},"author":2,"featured_media":3492,"comment_status":"open","ping_status":"open","sticky":false,"template":"","format":"standard","meta":{"footnotes":""},"categories":[1,28],"tags":[],"class_list":["post-3484","post","type-post","status-publish","format-standard","has-post-thumbnail","hentry","category-acontecer","category-actual"],"rttpg_featured_image_url":{"full":["https:\/\/elconquistadorredloslagos.cl\/test\/wp-content\/uploads\/2024\/10\/VISITA-8.jpg",1548,1032,false],"landscape":["https:\/\/elconquistadorredloslagos.cl\/test\/wp-content\/uploads\/2024\/10\/VISITA-8.jpg",1548,1032,false],"portraits":["https:\/\/elconquistadorredloslagos.cl\/test\/wp-content\/uploads\/2024\/10\/VISITA-8.jpg",1548,1032,false],"thumbnail":["https:\/\/elconquistadorredloslagos.cl\/test\/wp-content\/uploads\/2024\/10\/VISITA-8-150x150.jpg",150,150,true],"medium":["https:\/\/elconquistadorredloslagos.cl\/test\/wp-content\/uploads\/2024\/10\/VISITA-8-300x200.jpg",300,200,true],"large":["https:\/\/elconquistadorredloslagos.cl\/test\/wp-content\/uploads\/2024\/10\/VISITA-8-1024x683.jpg",1024,683,true],"1536x1536":["https:\/\/elconquistadorredloslagos.cl\/test\/wp-content\/uploads\/2024\/10\/VISITA-8-1536x1024.jpg",1536,1024,true],"2048x2048":["https:\/\/elconquistadorredloslagos.cl\/test\/wp-content\/uploads\/2024\/10\/VISITA-8.jpg",1548,1032,false]},"rttpg_author":{"display_name":"ccardenas","author_link":"https:\/\/elconquistadorredloslagos.cl\/test\/blog\/author\/ccardenas\/"},"rttpg_comment":0,"rttpg_category":"<a href=\"https:\/\/elconquistadorredloslagos.cl\/test\/blog\/category\/actual\/acontecer\/\" rel=\"category tag\">Acontecer<\/a> <a href=\"https:\/\/elconquistadorredloslagos.cl\/test\/blog\/category\/actual\/\" rel=\"category tag\">Actualidad<\/a>","rttpg_excerpt":"En el marco de la conmemoraci\u00f3n del D\u00eda del Hospital, se llev\u00f3 a cabo un emotivo acto en el Hospital de Quell\u00f3n, recordando los inicios de esta celebraci\u00f3n, que tiene..","_links":{"self":[{"href":"https:\/\/elconquistadorredloslagos.cl\/test\/wp-json\/wp\/v2\/posts\/3484","targetHints":{"allow":["GET"]}}],"collection":[{"href":"https:\/\/elconquistadorredloslagos.cl\/test\/wp-json\/wp\/v2\/posts"}],"about":[{"href":"https:\/\/elconquistadorredloslagos.cl\/test\/wp-json\/wp\/v2\/types\/post"}],"author":[{"embeddable":true,"href":"https:\/\/elconquistadorredloslagos.cl\/test\/wp-json\/wp\/v2\/users\/2"}],"replies":[{"embeddable":true,"href":"https:\/\/elconquistadorredloslagos.cl\/test\/wp-json\/wp\/v2\/comments?post=3484"}],"version-history":[{"count":1,"href":"https:\/\/elconquistadorredloslagos.cl\/test\/wp-json\/wp\/v2\/posts\/3484\/revisions"}],"predecessor-version":[{"id":3493,"href":"https:\/\/elconquistadorredloslagos.cl\/test\/wp-json\/wp\/v2\/posts\/3484\/revisions\/3493"}],"wp:featuredmedia":[{"embeddable":true,"href":"https:\/\/elconquistadorredloslagos.cl\/test\/wp-json\/wp\/v2\/media\/3492"}],"wp:attachment":[{"href":"https:\/\/elconquistadorredloslagos.cl\/test\/wp-json\/wp\/v2\/media?parent=3484"}],"wp:term":[{"taxonomy":"category","embeddable":true,"href":"https:\/\/elconquistadorredloslagos.cl\/test\/wp-json\/wp\/v2\/categories?post=3484"},{"taxonomy":"post_tag","embeddable":true,"href":"https:\/\/elconquistadorredloslagos.cl\/test\/wp-json\/wp\/v2\/tags?post=3484"}],"curies":[{"name":"wp","href":"https:\/\/api.w.org\/{rel}","templated":true}]}}