{"id":3473,"date":"2024-10-04T08:56:26","date_gmt":"2024-10-04T11:56:26","guid":{"rendered":"https:\/\/elconquistadorredloslagos.cl\/test\/?p=3473"},"modified":"2024-10-04T08:56:26","modified_gmt":"2024-10-04T11:56:26","slug":"sernapesca-realizo-un-positivo-balance-de-la-veda-de-la-merluza-comun-en-2024","status":"publish","type":"post","link":"https:\/\/elconquistadorredloslagos.cl\/test\/blog\/2024\/10\/04\/sernapesca-realizo-un-positivo-balance-de-la-veda-de-la-merluza-comun-en-2024\/","title":{"rendered":"Sernapesca realiz\u00f3 un positivo balance de la veda de la merluza com\u00fan en 2024"},"content":{"rendered":"\n<p>Como cada a\u00f1o, durante el mes de septiembre rige la veda biol\u00f3gica de la merluza com\u00fan en todo el territorio nacional. En dicho per\u00edodo, se proh\u00edbe la captura, el desembarque, el procesamiento, la elaboraci\u00f3n, el transporte y la comercializaci\u00f3n de este recurso y sus derivados, en vista de proteger el ciclo reproductivo que en septiembre llega a su peak.<\/p>\n\n\n\n<p>Al respecto, el Servicio Nacional de Pesca y Acuicultura (Sernapesca) detall\u00f3 que durante la aplicaci\u00f3n de la veda de la merluza se realizaron 41 operativos de fiscalizaci\u00f3n, de los cuales en el 63% se cont\u00f3 con la participaci\u00f3n de instituciones integrantes de la Red Sustenta como Armada, Carabineros, SII y Salud. En ellos se coordinaron acciones orientadas a la difusi\u00f3n, capacitaci\u00f3n y operativos conjuntos de fiscalizaci\u00f3n, en los diferentes puntos de control, tales como caletas, plantas elaboradoras, terminales pesqueros, centros de distribuci\u00f3n minoristas entre otros, actividades que se iniciaron en la segunda quincena del mes de agosto.<\/p>\n\n\n\n<p>Fue as\u00ed que se realiz\u00f3 difusi\u00f3n en terreno en las principales regiones de venta y consumo entre Coquimbo y Biob\u00edo, adem\u00e1s de efectuar 135 operativos de fiscalizaci\u00f3n a nivel nacional, de los cuales el 60 % fueron acompa\u00f1ados con la Red Sustenta, sobre 880 agentes: 312 medios de transporte; 223 comercializadoras; 227 embarcaciones; y 118 agentes donde se realiz\u00f3 difusi\u00f3n preventiva.<\/p>\n\n\n\n<p>En total se revisaron 275 toneladas de distintos recursos, entre los que se verific\u00f3 191 toneladas de merluza com\u00fan con su acreditaci\u00f3n legal, incluyendo las m\u00e1s de 2 toneladas en inventario que se utilizaron para la realizaci\u00f3n del famoso encuentro porte\u00f1o \u201cFogata del Pescador\u201d realizado en la Caleta el Membrillo de Valpara\u00edso. A su vez, en los operativos se incaut\u00f3 un total de 3,89 toneladas de merluza com\u00fan por no acreditar su legalidad.<\/p>\n","protected":false},"excerpt":{"rendered":"<p>Como cada a\u00f1o, durante el mes de septiembre rige la veda biol\u00f3gica de la merluza com\u00fan en todo el territorio nacional. En dicho per\u00edodo, se proh\u00edbe la captura, el desembarque,..<\/p>\n","protected":false},"author":2,"featured_media":3474,"comment_status":"open","ping_status":"open","sticky":false,"template":"","format":"standard","meta":{"footnotes":""},"categories":[1,28],"tags":[],"class_list":["post-3473","post","type-post","status-publish","format-standard","has-post-thumbnail","hentry","category-acontecer","category-actual"],"rttpg_featured_image_url":{"full":["https:\/\/elconquistadorredloslagos.cl\/test\/wp-content\/uploads\/2024\/10\/balance-vedamerluzacomun5-scaled.jpg",2560,1919,false],"landscape":["https:\/\/elconquistadorredloslagos.cl\/test\/wp-content\/uploads\/2024\/10\/balance-vedamerluzacomun5-scaled.jpg",2560,1919,false],"portraits":["https:\/\/elconquistadorredloslagos.cl\/test\/wp-content\/uploads\/2024\/10\/balance-vedamerluzacomun5-scaled.jpg",2560,1919,false],"thumbnail":["https:\/\/elconquistadorredloslagos.cl\/test\/wp-content\/uploads\/2024\/10\/balance-vedamerluzacomun5-150x150.jpg",150,150,true],"medium":["https:\/\/elconquistadorredloslagos.cl\/test\/wp-content\/uploads\/2024\/10\/balance-vedamerluzacomun5-300x225.jpg",300,225,true],"large":["https:\/\/elconquistadorredloslagos.cl\/test\/wp-content\/uploads\/2024\/10\/balance-vedamerluzacomun5-1024x768.jpg",1024,768,true],"1536x1536":["https:\/\/elconquistadorredloslagos.cl\/test\/wp-content\/uploads\/2024\/10\/balance-vedamerluzacomun5-1536x1152.jpg",1536,1152,true],"2048x2048":["https:\/\/elconquistadorredloslagos.cl\/test\/wp-content\/uploads\/2024\/10\/balance-vedamerluzacomun5-2048x1536.jpg",2048,1536,true]},"rttpg_author":{"display_name":"ccardenas","author_link":"https:\/\/elconquistadorredloslagos.cl\/test\/blog\/author\/ccardenas\/"},"rttpg_comment":0,"rttpg_category":"<a href=\"https:\/\/elconquistadorredloslagos.cl\/test\/blog\/category\/actual\/acontecer\/\" rel=\"category tag\">Acontecer<\/a> <a href=\"https:\/\/elconquistadorredloslagos.cl\/test\/blog\/category\/actual\/\" rel=\"category tag\">Actualidad<\/a>","rttpg_excerpt":"Como cada a\u00f1o, durante el mes de septiembre rige la veda biol\u00f3gica de la merluza com\u00fan en todo el territorio nacional. En dicho per\u00edodo, se proh\u00edbe la captura, el desembarque,..","_links":{"self":[{"href":"https:\/\/elconquistadorredloslagos.cl\/test\/wp-json\/wp\/v2\/posts\/3473","targetHints":{"allow":["GET"]}}],"collection":[{"href":"https:\/\/elconquistadorredloslagos.cl\/test\/wp-json\/wp\/v2\/posts"}],"about":[{"href":"https:\/\/elconquistadorredloslagos.cl\/test\/wp-json\/wp\/v2\/types\/post"}],"author":[{"embeddable":true,"href":"https:\/\/elconquistadorredloslagos.cl\/test\/wp-json\/wp\/v2\/users\/2"}],"replies":[{"embeddable":true,"href":"https:\/\/elconquistadorredloslagos.cl\/test\/wp-json\/wp\/v2\/comments?post=3473"}],"version-history":[{"count":1,"href":"https:\/\/elconquistadorredloslagos.cl\/test\/wp-json\/wp\/v2\/posts\/3473\/revisions"}],"predecessor-version":[{"id":3475,"href":"https:\/\/elconquistadorredloslagos.cl\/test\/wp-json\/wp\/v2\/posts\/3473\/revisions\/3475"}],"wp:featuredmedia":[{"embeddable":true,"href":"https:\/\/elconquistadorredloslagos.cl\/test\/wp-json\/wp\/v2\/media\/3474"}],"wp:attachment":[{"href":"https:\/\/elconquistadorredloslagos.cl\/test\/wp-json\/wp\/v2\/media?parent=3473"}],"wp:term":[{"taxonomy":"category","embeddable":true,"href":"https:\/\/elconquistadorredloslagos.cl\/test\/wp-json\/wp\/v2\/categories?post=3473"},{"taxonomy":"post_tag","embeddable":true,"href":"https:\/\/elconquistadorredloslagos.cl\/test\/wp-json\/wp\/v2\/tags?post=3473"}],"curies":[{"name":"wp","href":"https:\/\/api.w.org\/{rel}","templated":true}]}}