{"id":3469,"date":"2024-10-04T08:52:52","date_gmt":"2024-10-04T11:52:52","guid":{"rendered":"https:\/\/elconquistadorredloslagos.cl\/test\/?p=3469"},"modified":"2024-10-04T08:52:53","modified_gmt":"2024-10-04T11:52:53","slug":"astronomos-recorrieron-la-region-de-los-lagos-realizando-casi-100-charlas-de-divulgacion-cientifica","status":"publish","type":"post","link":"https:\/\/elconquistadorredloslagos.cl\/test\/blog\/2024\/10\/04\/astronomos-recorrieron-la-region-de-los-lagos-realizando-casi-100-charlas-de-divulgacion-cientifica\/","title":{"rendered":"Astr\u00f3nomos recorrieron la Regi\u00f3n de Los Lagos realizando casi 100 charlas de divulgaci\u00f3n cient\u00edfica"},"content":{"rendered":"\n<p>Cerca de 100 charlas, entre las que hubo 86 actividades para escolares y 7 encuentros abiertos a la comunidad, realiz\u00f3 un grupo de 13 astr\u00f3nomas y astr\u00f3nomos en tres provincias de la Regi\u00f3n de Los Lagos. Esta gira fue bautizada como AstroExpediciones 2024 y fue organizada por el Comit\u00e9 Nacional de Divulgaci\u00f3n Astron\u00f3mica (NOC Chile), con el apoyo del PAR Explora Los Lagos.<br>\u00a0<br>La gira se llev\u00f3 a cabo entre el lunes 23 y el viernes 27 de septiembre, y cubri\u00f3 comunas como Puerto Montt, Calbuco, Puqueld\u00f3n, Curaco de V\u00e9lez, Ancud, Castro, Chonchi, Futalelf\u00fa y Palena, entre otras. Adem\u00e1s, sirvi\u00f3 como antesala para el eclipse solar anular, que se podr\u00e1 observar con distinto nivel de oscuridad en gran parte del territorio nacional este mi\u00e9rcoles 2 de octubre.<br>\u00a0<br>En las actividades, los temas m\u00e1s abordados por los especialistas fueron si existe vida en otros planetas, la distancia entre la tierra y el sol, la composici\u00f3n y el tama\u00f1o de los planetas, y la existencia de m\u00e1s estrellas en el universo.<br>\u00a0<br>El equipo de investigadores e investigadoras que se desplegaron por la Regi\u00f3n de Los Lagos fue compuesto por Mar\u00eda Fernanda Dur\u00e1n del Observatorio Radioastron\u00f3mico Nacional de EE.UU., Patricio Rojo y Alejandra Meza de la Universidad de Chile, Julio Carballo-Bello de la Universidad de Tarapac\u00e1 y presidente anterior de la Sociedad Chilena de Astronom\u00eda, Yara Jaff\u00e9, Sof\u00eda Saavedra Odette Toloza, Matthias Schreiber de la Universidad T\u00e9cnica Federico Santa Mar\u00eda, Pamela Paredes y Carla Fuentes de la iniciativa Dedoscopio, Carol Rojas del Observatorio Las Campanas, Catalina Zamora \u00a0de la Universidad de Valpara\u00edso, y los astr\u00f3nomos Sebasti\u00e1n Ram\u00edrez y Luis Rond\u00f3n.<\/p>\n","protected":false},"excerpt":{"rendered":"<p>Cerca de 100 charlas, entre las que hubo 86 actividades para escolares y 7 encuentros abiertos a la comunidad, realiz\u00f3 un grupo de 13 astr\u00f3nomas y astr\u00f3nomos en tres provincias..<\/p>\n","protected":false},"author":2,"featured_media":3471,"comment_status":"open","ping_status":"open","sticky":false,"template":"","format":"standard","meta":{"footnotes":""},"categories":[1,28],"tags":[],"class_list":["post-3469","post","type-post","status-publish","format-standard","has-post-thumbnail","hentry","category-acontecer","category-actual"],"rttpg_featured_image_url":{"full":["https:\/\/elconquistadorredloslagos.cl\/test\/wp-content\/uploads\/2024\/10\/Foto-El-Espolon.jpg",2000,1500,false],"landscape":["https:\/\/elconquistadorredloslagos.cl\/test\/wp-content\/uploads\/2024\/10\/Foto-El-Espolon.jpg",2000,1500,false],"portraits":["https:\/\/elconquistadorredloslagos.cl\/test\/wp-content\/uploads\/2024\/10\/Foto-El-Espolon.jpg",2000,1500,false],"thumbnail":["https:\/\/elconquistadorredloslagos.cl\/test\/wp-content\/uploads\/2024\/10\/Foto-El-Espolon-150x150.jpg",150,150,true],"medium":["https:\/\/elconquistadorredloslagos.cl\/test\/wp-content\/uploads\/2024\/10\/Foto-El-Espolon-300x225.jpg",300,225,true],"large":["https:\/\/elconquistadorredloslagos.cl\/test\/wp-content\/uploads\/2024\/10\/Foto-El-Espolon-1024x768.jpg",1024,768,true],"1536x1536":["https:\/\/elconquistadorredloslagos.cl\/test\/wp-content\/uploads\/2024\/10\/Foto-El-Espolon-1536x1152.jpg",1536,1152,true],"2048x2048":["https:\/\/elconquistadorredloslagos.cl\/test\/wp-content\/uploads\/2024\/10\/Foto-El-Espolon.jpg",2000,1500,false]},"rttpg_author":{"display_name":"ccardenas","author_link":"https:\/\/elconquistadorredloslagos.cl\/test\/blog\/author\/ccardenas\/"},"rttpg_comment":0,"rttpg_category":"<a href=\"https:\/\/elconquistadorredloslagos.cl\/test\/blog\/category\/actual\/acontecer\/\" rel=\"category tag\">Acontecer<\/a> <a href=\"https:\/\/elconquistadorredloslagos.cl\/test\/blog\/category\/actual\/\" rel=\"category tag\">Actualidad<\/a>","rttpg_excerpt":"Cerca de 100 charlas, entre las que hubo 86 actividades para escolares y 7 encuentros abiertos a la comunidad, realiz\u00f3 un grupo de 13 astr\u00f3nomas y astr\u00f3nomos en tres provincias..","_links":{"self":[{"href":"https:\/\/elconquistadorredloslagos.cl\/test\/wp-json\/wp\/v2\/posts\/3469","targetHints":{"allow":["GET"]}}],"collection":[{"href":"https:\/\/elconquistadorredloslagos.cl\/test\/wp-json\/wp\/v2\/posts"}],"about":[{"href":"https:\/\/elconquistadorredloslagos.cl\/test\/wp-json\/wp\/v2\/types\/post"}],"author":[{"embeddable":true,"href":"https:\/\/elconquistadorredloslagos.cl\/test\/wp-json\/wp\/v2\/users\/2"}],"replies":[{"embeddable":true,"href":"https:\/\/elconquistadorredloslagos.cl\/test\/wp-json\/wp\/v2\/comments?post=3469"}],"version-history":[{"count":1,"href":"https:\/\/elconquistadorredloslagos.cl\/test\/wp-json\/wp\/v2\/posts\/3469\/revisions"}],"predecessor-version":[{"id":3472,"href":"https:\/\/elconquistadorredloslagos.cl\/test\/wp-json\/wp\/v2\/posts\/3469\/revisions\/3472"}],"wp:featuredmedia":[{"embeddable":true,"href":"https:\/\/elconquistadorredloslagos.cl\/test\/wp-json\/wp\/v2\/media\/3471"}],"wp:attachment":[{"href":"https:\/\/elconquistadorredloslagos.cl\/test\/wp-json\/wp\/v2\/media?parent=3469"}],"wp:term":[{"taxonomy":"category","embeddable":true,"href":"https:\/\/elconquistadorredloslagos.cl\/test\/wp-json\/wp\/v2\/categories?post=3469"},{"taxonomy":"post_tag","embeddable":true,"href":"https:\/\/elconquistadorredloslagos.cl\/test\/wp-json\/wp\/v2\/tags?post=3469"}],"curies":[{"name":"wp","href":"https:\/\/api.w.org\/{rel}","templated":true}]}}