{"id":3466,"date":"2024-10-04T08:48:39","date_gmt":"2024-10-04T11:48:39","guid":{"rendered":"https:\/\/elconquistadorredloslagos.cl\/test\/?p=3466"},"modified":"2024-10-04T08:48:39","modified_gmt":"2024-10-04T11:48:39","slug":"chonchi-inauguran-proyecto-denominado-eco-bosque-agricola-rahue","status":"publish","type":"post","link":"https:\/\/elconquistadorredloslagos.cl\/test\/blog\/2024\/10\/04\/chonchi-inauguran-proyecto-denominado-eco-bosque-agricola-rahue\/","title":{"rendered":"Chonchi: inauguran proyecto denominado \u201cEco Bosque Agr\u00edcola Rahue\u201d"},"content":{"rendered":"\n<p>Con gran expectaci\u00f3n la comunidad ind\u00edgena de Rahue de Chonchi, particip\u00f3 de la ceremonia de inauguraci\u00f3n del proyecto denominado \u201cEco Bosque Agr\u00edcola Rahue\u201d, que fue postulado desde la oficina de Desarrollo Comunitario del municipio local y financiado por la Corporaci\u00f3n Nacional de Desarrollo Ind\u00edgena (CONADI) a trav\u00e9s del Fondo Sistemas Productivos Territoriales, por un monto de inversi\u00f3n de 44 millones de pesos.<\/p>\n\n\n\n<p>Dichos recursos econ\u00f3micos permitieron la adquisici\u00f3n de un tractor, un aserradero y una motosierra, iniciativa con la cual est\u00e1n siendo beneficiadas diez familias de la comunidad ind\u00edgena de Rahue.<\/p>\n\n\n\n<p>La actividad cont\u00f3 con la presencia de la directora regional de la CONADI, Marcela Urbano, el alcalde protocolar, Sergio Villarroel, los concejales Humberto \u00c1guila, Marcelo Bravo y la Concejala, Evelyn M\u00e1rquez, el coordinador de la Mesa Territorial de la Cuenca del Lago Huillinco-Cucao, Juan Carlos Luna, el presidente de esta comunidad ind\u00edgena, Luis Vera, la DIDECO subrogante, Miriam Altamirano y las funcionarias de la oficina de Desarrollo Ind\u00edgena, Luz \u00c1lvarez y Andrea Torres.<\/p>\n","protected":false},"excerpt":{"rendered":"<p>Con gran expectaci\u00f3n la comunidad ind\u00edgena de Rahue de Chonchi, particip\u00f3 de la ceremonia de inauguraci\u00f3n del proyecto denominado \u201cEco Bosque Agr\u00edcola Rahue\u201d, que fue postulado desde la oficina de..<\/p>\n","protected":false},"author":2,"featured_media":3467,"comment_status":"open","ping_status":"open","sticky":false,"template":"","format":"standard","meta":{"footnotes":""},"categories":[1,28],"tags":[],"class_list":["post-3466","post","type-post","status-publish","format-standard","has-post-thumbnail","hentry","category-acontecer","category-actual"],"rttpg_featured_image_url":{"full":["https:\/\/elconquistadorredloslagos.cl\/test\/wp-content\/uploads\/2024\/10\/Chonchi.jpg",743,431,false],"landscape":["https:\/\/elconquistadorredloslagos.cl\/test\/wp-content\/uploads\/2024\/10\/Chonchi.jpg",743,431,false],"portraits":["https:\/\/elconquistadorredloslagos.cl\/test\/wp-content\/uploads\/2024\/10\/Chonchi.jpg",743,431,false],"thumbnail":["https:\/\/elconquistadorredloslagos.cl\/test\/wp-content\/uploads\/2024\/10\/Chonchi-150x150.jpg",150,150,true],"medium":["https:\/\/elconquistadorredloslagos.cl\/test\/wp-content\/uploads\/2024\/10\/Chonchi-300x174.jpg",300,174,true],"large":["https:\/\/elconquistadorredloslagos.cl\/test\/wp-content\/uploads\/2024\/10\/Chonchi.jpg",743,431,false],"1536x1536":["https:\/\/elconquistadorredloslagos.cl\/test\/wp-content\/uploads\/2024\/10\/Chonchi.jpg",743,431,false],"2048x2048":["https:\/\/elconquistadorredloslagos.cl\/test\/wp-content\/uploads\/2024\/10\/Chonchi.jpg",743,431,false]},"rttpg_author":{"display_name":"ccardenas","author_link":"https:\/\/elconquistadorredloslagos.cl\/test\/blog\/author\/ccardenas\/"},"rttpg_comment":0,"rttpg_category":"<a href=\"https:\/\/elconquistadorredloslagos.cl\/test\/blog\/category\/actual\/acontecer\/\" rel=\"category tag\">Acontecer<\/a> <a href=\"https:\/\/elconquistadorredloslagos.cl\/test\/blog\/category\/actual\/\" rel=\"category tag\">Actualidad<\/a>","rttpg_excerpt":"Con gran expectaci\u00f3n la comunidad ind\u00edgena de Rahue de Chonchi, particip\u00f3 de la ceremonia de inauguraci\u00f3n del proyecto denominado \u201cEco Bosque Agr\u00edcola Rahue\u201d, que fue postulado desde la oficina de..","_links":{"self":[{"href":"https:\/\/elconquistadorredloslagos.cl\/test\/wp-json\/wp\/v2\/posts\/3466","targetHints":{"allow":["GET"]}}],"collection":[{"href":"https:\/\/elconquistadorredloslagos.cl\/test\/wp-json\/wp\/v2\/posts"}],"about":[{"href":"https:\/\/elconquistadorredloslagos.cl\/test\/wp-json\/wp\/v2\/types\/post"}],"author":[{"embeddable":true,"href":"https:\/\/elconquistadorredloslagos.cl\/test\/wp-json\/wp\/v2\/users\/2"}],"replies":[{"embeddable":true,"href":"https:\/\/elconquistadorredloslagos.cl\/test\/wp-json\/wp\/v2\/comments?post=3466"}],"version-history":[{"count":1,"href":"https:\/\/elconquistadorredloslagos.cl\/test\/wp-json\/wp\/v2\/posts\/3466\/revisions"}],"predecessor-version":[{"id":3468,"href":"https:\/\/elconquistadorredloslagos.cl\/test\/wp-json\/wp\/v2\/posts\/3466\/revisions\/3468"}],"wp:featuredmedia":[{"embeddable":true,"href":"https:\/\/elconquistadorredloslagos.cl\/test\/wp-json\/wp\/v2\/media\/3467"}],"wp:attachment":[{"href":"https:\/\/elconquistadorredloslagos.cl\/test\/wp-json\/wp\/v2\/media?parent=3466"}],"wp:term":[{"taxonomy":"category","embeddable":true,"href":"https:\/\/elconquistadorredloslagos.cl\/test\/wp-json\/wp\/v2\/categories?post=3466"},{"taxonomy":"post_tag","embeddable":true,"href":"https:\/\/elconquistadorredloslagos.cl\/test\/wp-json\/wp\/v2\/tags?post=3466"}],"curies":[{"name":"wp","href":"https:\/\/api.w.org\/{rel}","templated":true}]}}