{"id":3452,"date":"2024-10-02T19:07:38","date_gmt":"2024-10-02T22:07:38","guid":{"rendered":"https:\/\/elconquistadorredloslagos.cl\/test\/?p=3452"},"modified":"2024-10-03T11:22:02","modified_gmt":"2024-10-03T14:22:02","slug":"lanzan-quinta-version-de-cumbre-mil-mujeres-mas","status":"publish","type":"post","link":"https:\/\/elconquistadorredloslagos.cl\/test\/blog\/2024\/10\/02\/lanzan-quinta-version-de-cumbre-mil-mujeres-mas\/","title":{"rendered":"Lanzan quinta versi\u00f3n de Cumbre Mil Mujeres M\u00e1s"},"content":{"rendered":"\n<h5 class=\"wp-block-heading\"><em>Este mi\u00e9rcoles 02-10-2024 a mediod\u00eda se realiz\u00f3 en el Centro Administrativo Regional en la comuna de Puerto Montt el lanzamiento de la pr\u00f3xima Cumbre Mil Mujeres M\u00e1s, que se realizar\u00e1 el pr\u00f3ximo 9 de octubre en el Teatro del Lago de Frutillar. <\/em><\/h5>\n\n\n\n<p>En la oportunidad, sostuvieron un encuentro con los medios de comunicaci\u00f3n el gobernador regional, Patricio Vallesp\u00edn, la directora ejecutiva de Mil Mujeres M\u00e1s, Gloria Risco, el director (s) regional de Corfo, David Espinoza, la gerenta de Asuntos Corporativos y Sustentabilidad del Grupo Saesa, Alondra Leal y la gerenta de Gesti\u00f3n de Personas y Comunicaciones de Mowi, Claudia Alcaino.<\/p>\n\n\n\n<p>El evento, que desarrollar\u00e1 su quinta versi\u00f3n, tiene como lema central el \u201cbienestar integral\u201d, y su principal objetivo ser\u00e1 fomentar nuevos liderazgos y ofrecer espacios para el desarrollo personal y profesional de las mujeres. Mil Mujeres M\u00e1s se ha convertido en un hito en varias regiones del pa\u00eds, congregando cada vez a m\u00e1s de mil mujeres para inspirarse mutuamente y establecer conexiones valiosas, creando un impacto tangible en sus comunidades y la sociedad.<\/p>\n\n\n\n<p>Por ECRLosLagos | Foto C.P<\/p>\n","protected":false},"excerpt":{"rendered":"<p>Este mi\u00e9rcoles 02-10-2024 a mediod\u00eda se realiz\u00f3 en el Centro Administrativo Regional en la comuna de Puerto Montt el lanzamiento de la pr\u00f3xima Cumbre Mil Mujeres M\u00e1s, que se realizar\u00e1..<\/p>\n","protected":false},"author":2,"featured_media":3453,"comment_status":"open","ping_status":"open","sticky":false,"template":"","format":"standard","meta":{"footnotes":""},"categories":[1,28],"tags":[],"class_list":["post-3452","post","type-post","status-publish","format-standard","has-post-thumbnail","hentry","category-acontecer","category-actual"],"rttpg_featured_image_url":{"full":["https:\/\/elconquistadorredloslagos.cl\/test\/wp-content\/uploads\/2024\/10\/Foto-oficial.jpg",1600,1064,false],"landscape":["https:\/\/elconquistadorredloslagos.cl\/test\/wp-content\/uploads\/2024\/10\/Foto-oficial.jpg",1600,1064,false],"portraits":["https:\/\/elconquistadorredloslagos.cl\/test\/wp-content\/uploads\/2024\/10\/Foto-oficial.jpg",1600,1064,false],"thumbnail":["https:\/\/elconquistadorredloslagos.cl\/test\/wp-content\/uploads\/2024\/10\/Foto-oficial-150x150.jpg",150,150,true],"medium":["https:\/\/elconquistadorredloslagos.cl\/test\/wp-content\/uploads\/2024\/10\/Foto-oficial-300x200.jpg",300,200,true],"large":["https:\/\/elconquistadorredloslagos.cl\/test\/wp-content\/uploads\/2024\/10\/Foto-oficial-1024x681.jpg",1024,681,true],"1536x1536":["https:\/\/elconquistadorredloslagos.cl\/test\/wp-content\/uploads\/2024\/10\/Foto-oficial-1536x1021.jpg",1536,1021,true],"2048x2048":["https:\/\/elconquistadorredloslagos.cl\/test\/wp-content\/uploads\/2024\/10\/Foto-oficial.jpg",1600,1064,false]},"rttpg_author":{"display_name":"ccardenas","author_link":"https:\/\/elconquistadorredloslagos.cl\/test\/blog\/author\/ccardenas\/"},"rttpg_comment":0,"rttpg_category":"<a href=\"https:\/\/elconquistadorredloslagos.cl\/test\/blog\/category\/actual\/acontecer\/\" rel=\"category tag\">Acontecer<\/a> <a href=\"https:\/\/elconquistadorredloslagos.cl\/test\/blog\/category\/actual\/\" rel=\"category tag\">Actualidad<\/a>","rttpg_excerpt":"Este mi\u00e9rcoles 02-10-2024 a mediod\u00eda se realiz\u00f3 en el Centro Administrativo Regional en la comuna de Puerto Montt el lanzamiento de la pr\u00f3xima Cumbre Mil Mujeres M\u00e1s, que se realizar\u00e1..","_links":{"self":[{"href":"https:\/\/elconquistadorredloslagos.cl\/test\/wp-json\/wp\/v2\/posts\/3452","targetHints":{"allow":["GET"]}}],"collection":[{"href":"https:\/\/elconquistadorredloslagos.cl\/test\/wp-json\/wp\/v2\/posts"}],"about":[{"href":"https:\/\/elconquistadorredloslagos.cl\/test\/wp-json\/wp\/v2\/types\/post"}],"author":[{"embeddable":true,"href":"https:\/\/elconquistadorredloslagos.cl\/test\/wp-json\/wp\/v2\/users\/2"}],"replies":[{"embeddable":true,"href":"https:\/\/elconquistadorredloslagos.cl\/test\/wp-json\/wp\/v2\/comments?post=3452"}],"version-history":[{"count":2,"href":"https:\/\/elconquistadorredloslagos.cl\/test\/wp-json\/wp\/v2\/posts\/3452\/revisions"}],"predecessor-version":[{"id":3458,"href":"https:\/\/elconquistadorredloslagos.cl\/test\/wp-json\/wp\/v2\/posts\/3452\/revisions\/3458"}],"wp:featuredmedia":[{"embeddable":true,"href":"https:\/\/elconquistadorredloslagos.cl\/test\/wp-json\/wp\/v2\/media\/3453"}],"wp:attachment":[{"href":"https:\/\/elconquistadorredloslagos.cl\/test\/wp-json\/wp\/v2\/media?parent=3452"}],"wp:term":[{"taxonomy":"category","embeddable":true,"href":"https:\/\/elconquistadorredloslagos.cl\/test\/wp-json\/wp\/v2\/categories?post=3452"},{"taxonomy":"post_tag","embeddable":true,"href":"https:\/\/elconquistadorredloslagos.cl\/test\/wp-json\/wp\/v2\/tags?post=3452"}],"curies":[{"name":"wp","href":"https:\/\/api.w.org\/{rel}","templated":true}]}}