{"id":3446,"date":"2024-10-02T19:02:36","date_gmt":"2024-10-02T22:02:36","guid":{"rendered":"https:\/\/elconquistadorredloslagos.cl\/test\/?p=3446"},"modified":"2024-10-02T19:02:37","modified_gmt":"2024-10-02T22:02:37","slug":"dra-amanda-contreras-de-la-cruz-recibe-reconocimiento-por-su-labor-en-chiloe","status":"publish","type":"post","link":"https:\/\/elconquistadorredloslagos.cl\/test\/blog\/2024\/10\/02\/dra-amanda-contreras-de-la-cruz-recibe-reconocimiento-por-su-labor-en-chiloe\/","title":{"rendered":"Dra. Amanda Contreras de la Cruz, recibe reconocimiento por su labor en Chilo\u00e9"},"content":{"rendered":"\n<p>Por su profundo compromiso por la salud p\u00fablica de Chilo\u00e9, la Dra. Amanda Contreras de la Cruz, fue reconocida como una de las 40 mujeres destacadas en el libro \u201cCastro Huellas de Mujer Volumen 2\u201d del profesor de historia Alejandro Orellana, iniciativa municipal impulsada a trav\u00e9s de la Oficina de la Mujer, de la Direcci\u00f3n de Desarrollo Comunitario (DIDECO), que plasma la historia de chilotas que han dejado un legado en la provincia.<\/p>\n\n\n\n<p>42 a\u00f1os trabajando al servicio de la salud p\u00fablica, la historia de la m\u00e9dico Amanda Contreras de la Cruz fue una de las inspiraciones para el autor de este libro que concentra la historia de 40 mujeres, entre 25 y 95 a\u00f1os, que sobresalen por su labor y talento al servicio de la comunidad, contribuyendo desde diversas \u00e1reas, relat\u00e1ndose una a una sus historias, sintetizada en un libro de 180 p\u00e1ginas, que invita a sus lectores a conocer el Chilo\u00e9 profundo, con distintas narraciones.<\/p>\n\n\n\n<p>Historias donde destaca las vivencias en la provincia de la actual referente pedi\u00e1trica del programa de Enfermedades Respiratorias del Servicio Salud Chilo\u00e9. Una experiencia que la doctora la catalog\u00f3 como enriquecedora.<\/p>\n\n\n\n<figure class=\"wp-block-audio\"><audio controls src=\"https:\/\/elconquistadorredloslagos.cl\/test\/wp-content\/uploads\/2024\/10\/Doctora1.mp3\"><\/audio><\/figure>\n\n\n\n<p>La doctora Amanda Contreras es hija de padres chilotes, procedentes del sector de Voigue, de la Isla Butachauque, comuna de Quemchi.<\/p>\n","protected":false},"excerpt":{"rendered":"<p>Por su profundo compromiso por la salud p\u00fablica de Chilo\u00e9, la Dra. Amanda Contreras de la Cruz, fue reconocida como una de las 40 mujeres destacadas en el libro \u201cCastro..<\/p>\n","protected":false},"author":2,"featured_media":3450,"comment_status":"open","ping_status":"open","sticky":false,"template":"","format":"standard","meta":{"footnotes":""},"categories":[28],"tags":[],"class_list":["post-3446","post","type-post","status-publish","format-standard","has-post-thumbnail","hentry","category-actual"],"rttpg_featured_image_url":{"full":["https:\/\/elconquistadorredloslagos.cl\/test\/wp-content\/uploads\/2024\/10\/20240930_111031-scaled.jpg",2560,1183,false],"landscape":["https:\/\/elconquistadorredloslagos.cl\/test\/wp-content\/uploads\/2024\/10\/20240930_111031-scaled.jpg",2560,1183,false],"portraits":["https:\/\/elconquistadorredloslagos.cl\/test\/wp-content\/uploads\/2024\/10\/20240930_111031-scaled.jpg",2560,1183,false],"thumbnail":["https:\/\/elconquistadorredloslagos.cl\/test\/wp-content\/uploads\/2024\/10\/20240930_111031-150x150.jpg",150,150,true],"medium":["https:\/\/elconquistadorredloslagos.cl\/test\/wp-content\/uploads\/2024\/10\/20240930_111031-300x139.jpg",300,139,true],"large":["https:\/\/elconquistadorredloslagos.cl\/test\/wp-content\/uploads\/2024\/10\/20240930_111031-1024x473.jpg",1024,473,true],"1536x1536":["https:\/\/elconquistadorredloslagos.cl\/test\/wp-content\/uploads\/2024\/10\/20240930_111031-1536x710.jpg",1536,710,true],"2048x2048":["https:\/\/elconquistadorredloslagos.cl\/test\/wp-content\/uploads\/2024\/10\/20240930_111031-2048x946.jpg",2048,946,true]},"rttpg_author":{"display_name":"ccardenas","author_link":"https:\/\/elconquistadorredloslagos.cl\/test\/blog\/author\/ccardenas\/"},"rttpg_comment":0,"rttpg_category":"<a href=\"https:\/\/elconquistadorredloslagos.cl\/test\/blog\/category\/actual\/\" rel=\"category tag\">Actualidad<\/a>","rttpg_excerpt":"Por su profundo compromiso por la salud p\u00fablica de Chilo\u00e9, la Dra. Amanda Contreras de la Cruz, fue reconocida como una de las 40 mujeres destacadas en el libro \u201cCastro..","_links":{"self":[{"href":"https:\/\/elconquistadorredloslagos.cl\/test\/wp-json\/wp\/v2\/posts\/3446","targetHints":{"allow":["GET"]}}],"collection":[{"href":"https:\/\/elconquistadorredloslagos.cl\/test\/wp-json\/wp\/v2\/posts"}],"about":[{"href":"https:\/\/elconquistadorredloslagos.cl\/test\/wp-json\/wp\/v2\/types\/post"}],"author":[{"embeddable":true,"href":"https:\/\/elconquistadorredloslagos.cl\/test\/wp-json\/wp\/v2\/users\/2"}],"replies":[{"embeddable":true,"href":"https:\/\/elconquistadorredloslagos.cl\/test\/wp-json\/wp\/v2\/comments?post=3446"}],"version-history":[{"count":1,"href":"https:\/\/elconquistadorredloslagos.cl\/test\/wp-json\/wp\/v2\/posts\/3446\/revisions"}],"predecessor-version":[{"id":3451,"href":"https:\/\/elconquistadorredloslagos.cl\/test\/wp-json\/wp\/v2\/posts\/3446\/revisions\/3451"}],"wp:featuredmedia":[{"embeddable":true,"href":"https:\/\/elconquistadorredloslagos.cl\/test\/wp-json\/wp\/v2\/media\/3450"}],"wp:attachment":[{"href":"https:\/\/elconquistadorredloslagos.cl\/test\/wp-json\/wp\/v2\/media?parent=3446"}],"wp:term":[{"taxonomy":"category","embeddable":true,"href":"https:\/\/elconquistadorredloslagos.cl\/test\/wp-json\/wp\/v2\/categories?post=3446"},{"taxonomy":"post_tag","embeddable":true,"href":"https:\/\/elconquistadorredloslagos.cl\/test\/wp-json\/wp\/v2\/tags?post=3446"}],"curies":[{"name":"wp","href":"https:\/\/api.w.org\/{rel}","templated":true}]}}