{"id":3441,"date":"2024-10-02T18:47:18","date_gmt":"2024-10-02T21:47:18","guid":{"rendered":"https:\/\/elconquistadorredloslagos.cl\/test\/?p=3441"},"modified":"2024-10-02T18:47:18","modified_gmt":"2024-10-02T21:47:18","slug":"diputado-borquez-destaca-aprobacion-de-proyecto-que-determina-conductas-terroristas","status":"publish","type":"post","link":"https:\/\/elconquistadorredloslagos.cl\/test\/blog\/2024\/10\/02\/diputado-borquez-destaca-aprobacion-de-proyecto-que-determina-conductas-terroristas\/","title":{"rendered":"Diputado B\u00f3rquez destaca aprobaci\u00f3n de proyecto que determina conductas terroristas"},"content":{"rendered":"\n<p>Su \u201csatisfacci\u00f3n\u201d manifest\u00f3 este mi\u00e9rcoles el diputado de la UDI por la regi\u00f3n de Los Lagos, Fernando B\u00f3rquez, tras aprobarse en la C\u00e1mara el proyecto de ley que deroga la ley actual que determina las conductas terroristas, y propone una nueva definici\u00f3n de conductas terroristas, asociaciones terroristas y forma de determinaci\u00f3n de sus penas. <\/p>\n\n\n\n<p>Asimismo, la nueva legislaci\u00f3n regula t\u00e9cnicas especiales de investigaci\u00f3n.<\/p>\n\n\n\n<figure class=\"wp-block-audio\"><audio controls src=\"https:\/\/elconquistadorredloslagos.cl\/test\/wp-content\/uploads\/2024\/10\/Borquez.mp3\"><\/audio><\/figure>\n\n\n\n<p>En tanto, para B\u00f3rquez, en la iniciativa legal destacan nuevas atribuciones para las polic\u00edas y el Ministerio P\u00fablico en el combate del terrorismo que, con los debidos resguardos judiciales, permitir\u00e1n que se intercepten llamadas en radios amplios (de hasta 2 kil\u00f3metros), lo cual permitir\u00e1 desarmar bandas terroristas, previo a sus ataques, con tecnolog\u00eda usada por los organismos de investigaci\u00f3n m\u00e1s avanzados a nivel global.<\/p>\n","protected":false},"excerpt":{"rendered":"<p>Su \u201csatisfacci\u00f3n\u201d manifest\u00f3 este mi\u00e9rcoles el diputado de la UDI por la regi\u00f3n de Los Lagos, Fernando B\u00f3rquez, tras aprobarse en la C\u00e1mara el proyecto de ley que deroga la..<\/p>\n","protected":false},"author":2,"featured_media":3443,"comment_status":"open","ping_status":"open","sticky":false,"template":"","format":"standard","meta":{"footnotes":""},"categories":[1,28],"tags":[],"class_list":["post-3441","post","type-post","status-publish","format-standard","has-post-thumbnail","hentry","category-acontecer","category-actual"],"rttpg_featured_image_url":{"full":["https:\/\/elconquistadorredloslagos.cl\/test\/wp-content\/uploads\/2024\/10\/WhatsApp-Image-2024-10-02-at-17.00.54.jpeg",1280,852,false],"landscape":["https:\/\/elconquistadorredloslagos.cl\/test\/wp-content\/uploads\/2024\/10\/WhatsApp-Image-2024-10-02-at-17.00.54.jpeg",1280,852,false],"portraits":["https:\/\/elconquistadorredloslagos.cl\/test\/wp-content\/uploads\/2024\/10\/WhatsApp-Image-2024-10-02-at-17.00.54.jpeg",1280,852,false],"thumbnail":["https:\/\/elconquistadorredloslagos.cl\/test\/wp-content\/uploads\/2024\/10\/WhatsApp-Image-2024-10-02-at-17.00.54-150x150.jpeg",150,150,true],"medium":["https:\/\/elconquistadorredloslagos.cl\/test\/wp-content\/uploads\/2024\/10\/WhatsApp-Image-2024-10-02-at-17.00.54-300x200.jpeg",300,200,true],"large":["https:\/\/elconquistadorredloslagos.cl\/test\/wp-content\/uploads\/2024\/10\/WhatsApp-Image-2024-10-02-at-17.00.54-1024x682.jpeg",1024,682,true],"1536x1536":["https:\/\/elconquistadorredloslagos.cl\/test\/wp-content\/uploads\/2024\/10\/WhatsApp-Image-2024-10-02-at-17.00.54.jpeg",1280,852,false],"2048x2048":["https:\/\/elconquistadorredloslagos.cl\/test\/wp-content\/uploads\/2024\/10\/WhatsApp-Image-2024-10-02-at-17.00.54.jpeg",1280,852,false]},"rttpg_author":{"display_name":"ccardenas","author_link":"https:\/\/elconquistadorredloslagos.cl\/test\/blog\/author\/ccardenas\/"},"rttpg_comment":0,"rttpg_category":"<a href=\"https:\/\/elconquistadorredloslagos.cl\/test\/blog\/category\/actual\/acontecer\/\" rel=\"category tag\">Acontecer<\/a> <a href=\"https:\/\/elconquistadorredloslagos.cl\/test\/blog\/category\/actual\/\" rel=\"category tag\">Actualidad<\/a>","rttpg_excerpt":"Su \u201csatisfacci\u00f3n\u201d manifest\u00f3 este mi\u00e9rcoles el diputado de la UDI por la regi\u00f3n de Los Lagos, Fernando B\u00f3rquez, tras aprobarse en la C\u00e1mara el proyecto de ley que deroga la..","_links":{"self":[{"href":"https:\/\/elconquistadorredloslagos.cl\/test\/wp-json\/wp\/v2\/posts\/3441","targetHints":{"allow":["GET"]}}],"collection":[{"href":"https:\/\/elconquistadorredloslagos.cl\/test\/wp-json\/wp\/v2\/posts"}],"about":[{"href":"https:\/\/elconquistadorredloslagos.cl\/test\/wp-json\/wp\/v2\/types\/post"}],"author":[{"embeddable":true,"href":"https:\/\/elconquistadorredloslagos.cl\/test\/wp-json\/wp\/v2\/users\/2"}],"replies":[{"embeddable":true,"href":"https:\/\/elconquistadorredloslagos.cl\/test\/wp-json\/wp\/v2\/comments?post=3441"}],"version-history":[{"count":1,"href":"https:\/\/elconquistadorredloslagos.cl\/test\/wp-json\/wp\/v2\/posts\/3441\/revisions"}],"predecessor-version":[{"id":3444,"href":"https:\/\/elconquistadorredloslagos.cl\/test\/wp-json\/wp\/v2\/posts\/3441\/revisions\/3444"}],"wp:featuredmedia":[{"embeddable":true,"href":"https:\/\/elconquistadorredloslagos.cl\/test\/wp-json\/wp\/v2\/media\/3443"}],"wp:attachment":[{"href":"https:\/\/elconquistadorredloslagos.cl\/test\/wp-json\/wp\/v2\/media?parent=3441"}],"wp:term":[{"taxonomy":"category","embeddable":true,"href":"https:\/\/elconquistadorredloslagos.cl\/test\/wp-json\/wp\/v2\/categories?post=3441"},{"taxonomy":"post_tag","embeddable":true,"href":"https:\/\/elconquistadorredloslagos.cl\/test\/wp-json\/wp\/v2\/tags?post=3441"}],"curies":[{"name":"wp","href":"https:\/\/api.w.org\/{rel}","templated":true}]}}