{"id":3429,"date":"2024-10-02T14:00:32","date_gmt":"2024-10-02T17:00:32","guid":{"rendered":"https:\/\/elconquistadorredloslagos.cl\/test\/?p=3429"},"modified":"2024-10-02T14:00:33","modified_gmt":"2024-10-02T17:00:33","slug":"eliminan-por-dos-anos-autorizacion-para-contratar-personal-extranjero-en-buceo-profesional-en-los-lagos","status":"publish","type":"post","link":"https:\/\/elconquistadorredloslagos.cl\/test\/blog\/2024\/10\/02\/eliminan-por-dos-anos-autorizacion-para-contratar-personal-extranjero-en-buceo-profesional-en-los-lagos\/","title":{"rendered":"Eliminan por dos a\u00f1os autorizaci\u00f3n para contratar personal extranjero en buceo profesional en Los Lagos"},"content":{"rendered":"\n<p>Una relevante modificaci\u00f3n al Decreto Supremo que regula el buceo profesional en el pa\u00eds se hizo realidad en las \u00faltimas horas, eliminando la autorizaci\u00f3n para contratar personal extranjero en labores de buceo profesional por aproximadamente dos a\u00f1os.<\/p>\n\n\n\n<p>La medida se da tras la publicaci\u00f3n de dos art\u00edculos del reglamento, los que espec\u00edficamente eliminaban el requisito de nacionalidad chilena, adem\u00e1s de cumplir la Ley de Reclutamiento para optar a matr\u00edculas de buzo profesional.<\/p>\n\n\n\n<p>En tal sentido, desde la Subsecretar\u00eda para las Fuerzas Armadas se se\u00f1al\u00f3 que se hab\u00eda suspendido el proceso de obtenci\u00f3n de matr\u00edcula para extranjeros en 2024, agregando a su vez un art\u00edculo transitorio para establecer que las modificaciones entrar\u00e1n en vigencia despu\u00e9s de la publicaci\u00f3n de actualizaciones a la reglamentaci\u00f3n institucional. Todo este procedimiento debiera hacerse efectivo en dos a\u00f1os m\u00e1s.<\/p>\n","protected":false},"excerpt":{"rendered":"<p>Una relevante modificaci\u00f3n al Decreto Supremo que regula el buceo profesional en el pa\u00eds se hizo realidad en las \u00faltimas horas, eliminando la autorizaci\u00f3n para contratar personal extranjero en labores..<\/p>\n","protected":false},"author":2,"featured_media":3430,"comment_status":"open","ping_status":"open","sticky":false,"template":"","format":"standard","meta":{"footnotes":""},"categories":[1,28],"tags":[],"class_list":["post-3429","post","type-post","status-publish","format-standard","has-post-thumbnail","hentry","category-acontecer","category-actual"],"rttpg_featured_image_url":{"full":["https:\/\/elconquistadorredloslagos.cl\/test\/wp-content\/uploads\/2024\/10\/Buceo.jpg",2250,1266,false],"landscape":["https:\/\/elconquistadorredloslagos.cl\/test\/wp-content\/uploads\/2024\/10\/Buceo.jpg",2250,1266,false],"portraits":["https:\/\/elconquistadorredloslagos.cl\/test\/wp-content\/uploads\/2024\/10\/Buceo.jpg",2250,1266,false],"thumbnail":["https:\/\/elconquistadorredloslagos.cl\/test\/wp-content\/uploads\/2024\/10\/Buceo-150x150.jpg",150,150,true],"medium":["https:\/\/elconquistadorredloslagos.cl\/test\/wp-content\/uploads\/2024\/10\/Buceo-300x169.jpg",300,169,true],"large":["https:\/\/elconquistadorredloslagos.cl\/test\/wp-content\/uploads\/2024\/10\/Buceo-1024x576.jpg",1024,576,true],"1536x1536":["https:\/\/elconquistadorredloslagos.cl\/test\/wp-content\/uploads\/2024\/10\/Buceo-1536x864.jpg",1536,864,true],"2048x2048":["https:\/\/elconquistadorredloslagos.cl\/test\/wp-content\/uploads\/2024\/10\/Buceo-2048x1152.jpg",2048,1152,true]},"rttpg_author":{"display_name":"ccardenas","author_link":"https:\/\/elconquistadorredloslagos.cl\/test\/blog\/author\/ccardenas\/"},"rttpg_comment":0,"rttpg_category":"<a href=\"https:\/\/elconquistadorredloslagos.cl\/test\/blog\/category\/actual\/acontecer\/\" rel=\"category tag\">Acontecer<\/a> <a href=\"https:\/\/elconquistadorredloslagos.cl\/test\/blog\/category\/actual\/\" rel=\"category tag\">Actualidad<\/a>","rttpg_excerpt":"Una relevante modificaci\u00f3n al Decreto Supremo que regula el buceo profesional en el pa\u00eds se hizo realidad en las \u00faltimas horas, eliminando la autorizaci\u00f3n para contratar personal extranjero en labores..","_links":{"self":[{"href":"https:\/\/elconquistadorredloslagos.cl\/test\/wp-json\/wp\/v2\/posts\/3429","targetHints":{"allow":["GET"]}}],"collection":[{"href":"https:\/\/elconquistadorredloslagos.cl\/test\/wp-json\/wp\/v2\/posts"}],"about":[{"href":"https:\/\/elconquistadorredloslagos.cl\/test\/wp-json\/wp\/v2\/types\/post"}],"author":[{"embeddable":true,"href":"https:\/\/elconquistadorredloslagos.cl\/test\/wp-json\/wp\/v2\/users\/2"}],"replies":[{"embeddable":true,"href":"https:\/\/elconquistadorredloslagos.cl\/test\/wp-json\/wp\/v2\/comments?post=3429"}],"version-history":[{"count":1,"href":"https:\/\/elconquistadorredloslagos.cl\/test\/wp-json\/wp\/v2\/posts\/3429\/revisions"}],"predecessor-version":[{"id":3431,"href":"https:\/\/elconquistadorredloslagos.cl\/test\/wp-json\/wp\/v2\/posts\/3429\/revisions\/3431"}],"wp:featuredmedia":[{"embeddable":true,"href":"https:\/\/elconquistadorredloslagos.cl\/test\/wp-json\/wp\/v2\/media\/3430"}],"wp:attachment":[{"href":"https:\/\/elconquistadorredloslagos.cl\/test\/wp-json\/wp\/v2\/media?parent=3429"}],"wp:term":[{"taxonomy":"category","embeddable":true,"href":"https:\/\/elconquistadorredloslagos.cl\/test\/wp-json\/wp\/v2\/categories?post=3429"},{"taxonomy":"post_tag","embeddable":true,"href":"https:\/\/elconquistadorredloslagos.cl\/test\/wp-json\/wp\/v2\/tags?post=3429"}],"curies":[{"name":"wp","href":"https:\/\/api.w.org\/{rel}","templated":true}]}}