{"id":3325,"date":"2024-09-28T18:03:22","date_gmt":"2024-09-28T21:03:22","guid":{"rendered":"https:\/\/elconquistadorredloslagos.cl\/test\/?p=3325"},"modified":"2024-09-30T18:34:29","modified_gmt":"2024-09-30T21:34:29","slug":"dia-mundial-del-turismo-desafios-y-oportunidades-hacia-un-futuro-sostenible","status":"publish","type":"post","link":"https:\/\/elconquistadorredloslagos.cl\/test\/blog\/2024\/09\/28\/dia-mundial-del-turismo-desafios-y-oportunidades-hacia-un-futuro-sostenible\/","title":{"rendered":"D\u00eda Mundial del Turismo: Desaf\u00edos y oportunidades hacia un futuro sostenible"},"content":{"rendered":"\n<h5 class=\"wp-block-heading\"><em>En el marco del D\u00eda Mundial del Turismo, que se celebra cada 27 de septiembre, es momento de reflexionar sobre los desaf\u00edos y oportunidades que enfrenta la Cuenca del Llanquihue, un destino con un potencial inmenso, pero que tambi\u00e9n debe adaptarse a las nuevas demandas del mercado global. <\/em><\/h5>\n\n\n\n<p>Este a\u00f1o, al finalizar una de las temporadas invernales m\u00e1s exigentes, nos enfrentamos a un desaf\u00edo clave: preparar la regi\u00f3n para que el pr\u00f3ximo invierno sea incluso mejor, lo cual implica trabajar desde ya en la promoci\u00f3n y posicionamiento de nuestro destino.<\/p>\n\n\n\n<p>A medida que nos adentramos en una nueva temporada estival que promete traer buenos n\u00fameros y una mayor afluencia de visitantes, debemos tener claro que la clave para un desarrollo tur\u00edstico sostenible no est\u00e1 solo en disfrutar del \u00e9xito moment\u00e1neo, sino en planificar el futuro anticipando nuestras estrategias y acciones para mantener la competitividad durante todo el a\u00f1o. Esto significa aprovechar el verano para posicionar la Cuenca del Llanquihue como un destino atractivo en mercados internacionales, como Brasil, Estados Unidos y Europa, y al mismo tiempo, prepararnos para un invierno 2025 que sea igual de exitoso.<\/p>\n\n\n\n<p>El papel de Sernatur en este proceso es fundamental. La coordinaci\u00f3n p\u00fablico-privada para desarrollar un plan de promoci\u00f3n eficaz ser\u00e1 la clave para mantener nuestro destino en la mente de los viajeros, no solo a nivel nacional, sino tambi\u00e9n internacional. Un destino como el nuestro tiene que competir con lugares consolidados como Bariloche o Torres del Paine, y para eso necesitamos una estrategia s\u00f3lida, que logre captar el inter\u00e9s de turistas tanto en las temporadas altas como en las bajas. Confiamos en que, en conjunto con Sernatur, podremos concretar un plan que impulse a la Cuenca del Llanquihue hacia mercados que a\u00fan no hemos explorado completamente.<\/p>\n\n\n\n<p>Pero planificar y anticiparse no es posible si no se hace de la mano con una estrategia de sostenibilidad que nos haga responsables del entorno que nos rodea. En un contexto global en el que el cambio clim\u00e1tico y la sustentabilidad son temas urgentes, el turismo debe adaptarse. En ese contexto, desde el Hotel Bellavista hemos dado un paso adelante al incorporar una calculadora de huella de carbono que permite a nuestros hu\u00e9spedes estimar el impacto de sus viajes y compensarlo, destinando esa compensaci\u00f3n a la conservaci\u00f3n de los humedales de Llanquihue, demostrando que es posible desarrollar un turismo m\u00e1s consciente y respetuoso con nuestro entorno. Este tipo de iniciativas son esenciales si queremos preservar el atractivo natural de nuestra regi\u00f3n.<\/p>\n\n\n\n<p>La tecnolog\u00eda tambi\u00e9n juega un papel crucial en este proceso. Puerto Varas ha sido seleccionada para un proyecto piloto con el Banco Interamericano de Desarrollo, cuyo objetivo es convertir la ciudad en un ejemplo de conectividad inteligente. Mejorar la experiencia de los turistas a trav\u00e9s de una red eficiente de servicios no solo optimiza su estad\u00eda, sino que tambi\u00e9n posiciona a nuestra regi\u00f3n como un destino moderno y accesible.<\/p>\n\n\n\n<p>En este D\u00eda Mundial del Turismo, es momento de reflexionar sobre el futuro de nuestra regi\u00f3n y de asumir el compromiso de trabajar unidos, desde el sector privado y p\u00fablico, para que la Cuenca del Llanquihue no solo sea reconocida por su belleza natural, sino tambi\u00e9n por su capacidad para innovar, adaptarse y ofrecer un turismo sostenible y de calidad durante todo el a\u00f1o.<\/p>\n\n\n\n<p>Columna de opini\u00f3n: Por Jos\u00e9 Luis Varela, gerente general de Hotel Bellavista Puerto Varas.<\/p>\n","protected":false},"excerpt":{"rendered":"<p>En el marco del D\u00eda Mundial del Turismo, que se celebra cada 27 de septiembre, es momento de reflexionar sobre los desaf\u00edos y oportunidades que enfrenta la Cuenca del Llanquihue,..<\/p>\n","protected":false},"author":7,"featured_media":3326,"comment_status":"open","ping_status":"open","sticky":false,"template":"","format":"standard","meta":{"footnotes":""},"categories":[30],"tags":[],"class_list":["post-3325","post","type-post","status-publish","format-standard","has-post-thumbnail","hentry","category-opinion"],"rttpg_featured_image_url":{"full":["https:\/\/elconquistadorredloslagos.cl\/test\/wp-content\/uploads\/2024\/09\/Columna-Hotel-Bellavvista-Pto-Varas.png",1920,1080,false],"landscape":["https:\/\/elconquistadorredloslagos.cl\/test\/wp-content\/uploads\/2024\/09\/Columna-Hotel-Bellavvista-Pto-Varas.png",1920,1080,false],"portraits":["https:\/\/elconquistadorredloslagos.cl\/test\/wp-content\/uploads\/2024\/09\/Columna-Hotel-Bellavvista-Pto-Varas.png",1920,1080,false],"thumbnail":["https:\/\/elconquistadorredloslagos.cl\/test\/wp-content\/uploads\/2024\/09\/Columna-Hotel-Bellavvista-Pto-Varas-150x150.png",150,150,true],"medium":["https:\/\/elconquistadorredloslagos.cl\/test\/wp-content\/uploads\/2024\/09\/Columna-Hotel-Bellavvista-Pto-Varas-300x169.png",300,169,true],"large":["https:\/\/elconquistadorredloslagos.cl\/test\/wp-content\/uploads\/2024\/09\/Columna-Hotel-Bellavvista-Pto-Varas-1024x576.png",1024,576,true],"1536x1536":["https:\/\/elconquistadorredloslagos.cl\/test\/wp-content\/uploads\/2024\/09\/Columna-Hotel-Bellavvista-Pto-Varas-1536x864.png",1536,864,true],"2048x2048":["https:\/\/elconquistadorredloslagos.cl\/test\/wp-content\/uploads\/2024\/09\/Columna-Hotel-Bellavvista-Pto-Varas.png",1920,1080,false]},"rttpg_author":{"display_name":"enzodelahoz1988","author_link":"https:\/\/elconquistadorredloslagos.cl\/test\/blog\/author\/enzodelahoz1988\/"},"rttpg_comment":0,"rttpg_category":"<a href=\"https:\/\/elconquistadorredloslagos.cl\/test\/blog\/category\/opinion\/\" rel=\"category tag\">Columnas de Opini\u00f3n<\/a>","rttpg_excerpt":"En el marco del D\u00eda Mundial del Turismo, que se celebra cada 27 de septiembre, es momento de reflexionar sobre los desaf\u00edos y oportunidades que enfrenta la Cuenca del Llanquihue,..","_links":{"self":[{"href":"https:\/\/elconquistadorredloslagos.cl\/test\/wp-json\/wp\/v2\/posts\/3325","targetHints":{"allow":["GET"]}}],"collection":[{"href":"https:\/\/elconquistadorredloslagos.cl\/test\/wp-json\/wp\/v2\/posts"}],"about":[{"href":"https:\/\/elconquistadorredloslagos.cl\/test\/wp-json\/wp\/v2\/types\/post"}],"author":[{"embeddable":true,"href":"https:\/\/elconquistadorredloslagos.cl\/test\/wp-json\/wp\/v2\/users\/7"}],"replies":[{"embeddable":true,"href":"https:\/\/elconquistadorredloslagos.cl\/test\/wp-json\/wp\/v2\/comments?post=3325"}],"version-history":[{"count":2,"href":"https:\/\/elconquistadorredloslagos.cl\/test\/wp-json\/wp\/v2\/posts\/3325\/revisions"}],"predecessor-version":[{"id":3349,"href":"https:\/\/elconquistadorredloslagos.cl\/test\/wp-json\/wp\/v2\/posts\/3325\/revisions\/3349"}],"wp:featuredmedia":[{"embeddable":true,"href":"https:\/\/elconquistadorredloslagos.cl\/test\/wp-json\/wp\/v2\/media\/3326"}],"wp:attachment":[{"href":"https:\/\/elconquistadorredloslagos.cl\/test\/wp-json\/wp\/v2\/media?parent=3325"}],"wp:term":[{"taxonomy":"category","embeddable":true,"href":"https:\/\/elconquistadorredloslagos.cl\/test\/wp-json\/wp\/v2\/categories?post=3325"},{"taxonomy":"post_tag","embeddable":true,"href":"https:\/\/elconquistadorredloslagos.cl\/test\/wp-json\/wp\/v2\/tags?post=3325"}],"curies":[{"name":"wp","href":"https:\/\/api.w.org\/{rel}","templated":true}]}}