{"id":3265,"date":"2024-09-26T17:06:14","date_gmt":"2024-09-26T20:06:14","guid":{"rendered":"https:\/\/elconquistadorredloslagos.cl\/test\/?p=3265"},"modified":"2024-09-26T17:06:15","modified_gmt":"2024-09-26T20:06:15","slug":"plaza-de-acceso-a-ancud-urbano-retoma-sus-trabajos","status":"publish","type":"post","link":"https:\/\/elconquistadorredloslagos.cl\/test\/blog\/2024\/09\/26\/plaza-de-acceso-a-ancud-urbano-retoma-sus-trabajos\/","title":{"rendered":"Plaza de acceso a Ancud urbano retoma sus trabajos"},"content":{"rendered":"\n<p>El mejoramiento al acceso a la ciudad de Ancud, es un proyecto largamente esperado no s\u00f3lo por los vecinos que viven en los sectores aleda\u00f1os, sino que tambi\u00e9n por la comunidad que siente que la entrada a la comuna debe tener un mejor rostro de bienvenida a quienes nos visitan.<\/p>\n\n\n\n<p>Este adelantamiento en el espacio p\u00fablico, que se realiza espec\u00edficamente en la \u201cplaza del tri\u00e1ngulo\u201d, y consiste en obras de paisajismo en las \u00e1reas verdes, plantas, arbustos y \u00e1rboles nativos, con tuvo un monto inicial de $129.997.088, impuesto incluido y un plazo m\u00e1ximo de ejecuci\u00f3n de 150 d\u00edas corridos (5 meses), a trav\u00e9s de un proyecto FRIL (Fondo Regional de Iniciativa Local), del Gobierno Regional.<\/p>\n\n\n\n<p>Lamentablemente y contra todo pron\u00f3stico y deseo de la comunidad, estos trabajos se vieron detenidos por incumplimiento de la empresa encargada, debido a problemas econ\u00f3micos, por lo que el municipio debi\u00f3 liquidar el contrato y tras ello, volver a licitar y entregar las obras a una nueva empresa para que se finalice esta esperada obra p\u00fablica.<\/p>\n\n\n\n<p>As\u00ed lo inform\u00f3 Javier D\u00edaz, Director (s) de la Secretar\u00eda de Planificaci\u00f3n Comunal, Secplan, del consistorio ancuditano, quien se\u00f1al\u00f3 que en sesi\u00f3n de concejo municipal se solicit\u00f3 la autorizaci\u00f3n para poder licitar las obras faltantes que quedaron pendientes.<\/p>\n\n\n\n<p>\u201cLo que vamos a hacer es contratar directamente ese saldo que queda de ejecuci\u00f3n de obras, con una empresa de ac\u00e1 de Ancud, que va a tomar todas las obras que est\u00e1n pendientes y que bordean aproximadamente $60 millones, con el saldo que qued\u00f3 del proyecto anterior, que bordea los $35 millones, m\u00e1s un saldo de $24 millones y fracci\u00f3n que el municipio va a incorporar como aporte propio. Con estos $60 millones esperamos que la empresa, en un plazo de 75 d\u00edas corridos, pueda terminar esta obra pendientes tan importantes para poder tener un acceso a Ancud bastante m\u00e1s hermoso, m\u00e1s bonito a la vista y que se pueda aprovechar de mejor forma por todo lo que puedan visitar el lugar, sobre todo en \u00e9poca de verano que se acerca\u201d.<\/p>\n","protected":false},"excerpt":{"rendered":"<p>El mejoramiento al acceso a la ciudad de Ancud, es un proyecto largamente esperado no s\u00f3lo por los vecinos que viven en los sectores aleda\u00f1os, sino que tambi\u00e9n por la..<\/p>\n","protected":false},"author":2,"featured_media":3266,"comment_status":"open","ping_status":"open","sticky":false,"template":"","format":"standard","meta":{"footnotes":""},"categories":[1,29],"tags":[],"class_list":["post-3265","post","type-post","status-publish","format-standard","has-post-thumbnail","hentry","category-acontecer","category-turismo"],"rttpg_featured_image_url":{"full":["https:\/\/elconquistadorredloslagos.cl\/test\/wp-content\/uploads\/2024\/09\/WhatsApp-Image-2024-09-26-at-11.25.40.jpeg",1600,1091,false],"landscape":["https:\/\/elconquistadorredloslagos.cl\/test\/wp-content\/uploads\/2024\/09\/WhatsApp-Image-2024-09-26-at-11.25.40.jpeg",1600,1091,false],"portraits":["https:\/\/elconquistadorredloslagos.cl\/test\/wp-content\/uploads\/2024\/09\/WhatsApp-Image-2024-09-26-at-11.25.40.jpeg",1600,1091,false],"thumbnail":["https:\/\/elconquistadorredloslagos.cl\/test\/wp-content\/uploads\/2024\/09\/WhatsApp-Image-2024-09-26-at-11.25.40-150x150.jpeg",150,150,true],"medium":["https:\/\/elconquistadorredloslagos.cl\/test\/wp-content\/uploads\/2024\/09\/WhatsApp-Image-2024-09-26-at-11.25.40-300x205.jpeg",300,205,true],"large":["https:\/\/elconquistadorredloslagos.cl\/test\/wp-content\/uploads\/2024\/09\/WhatsApp-Image-2024-09-26-at-11.25.40-1024x698.jpeg",1024,698,true],"1536x1536":["https:\/\/elconquistadorredloslagos.cl\/test\/wp-content\/uploads\/2024\/09\/WhatsApp-Image-2024-09-26-at-11.25.40-1536x1047.jpeg",1536,1047,true],"2048x2048":["https:\/\/elconquistadorredloslagos.cl\/test\/wp-content\/uploads\/2024\/09\/WhatsApp-Image-2024-09-26-at-11.25.40.jpeg",1600,1091,false]},"rttpg_author":{"display_name":"ccardenas","author_link":"https:\/\/elconquistadorredloslagos.cl\/test\/blog\/author\/ccardenas\/"},"rttpg_comment":0,"rttpg_category":"<a href=\"https:\/\/elconquistadorredloslagos.cl\/test\/blog\/category\/actual\/acontecer\/\" rel=\"category tag\">Acontecer<\/a> <a href=\"https:\/\/elconquistadorredloslagos.cl\/test\/blog\/category\/actual\/turismo\/\" rel=\"category tag\">Turismo<\/a>","rttpg_excerpt":"El mejoramiento al acceso a la ciudad de Ancud, es un proyecto largamente esperado no s\u00f3lo por los vecinos que viven en los sectores aleda\u00f1os, sino que tambi\u00e9n por la..","_links":{"self":[{"href":"https:\/\/elconquistadorredloslagos.cl\/test\/wp-json\/wp\/v2\/posts\/3265","targetHints":{"allow":["GET"]}}],"collection":[{"href":"https:\/\/elconquistadorredloslagos.cl\/test\/wp-json\/wp\/v2\/posts"}],"about":[{"href":"https:\/\/elconquistadorredloslagos.cl\/test\/wp-json\/wp\/v2\/types\/post"}],"author":[{"embeddable":true,"href":"https:\/\/elconquistadorredloslagos.cl\/test\/wp-json\/wp\/v2\/users\/2"}],"replies":[{"embeddable":true,"href":"https:\/\/elconquistadorredloslagos.cl\/test\/wp-json\/wp\/v2\/comments?post=3265"}],"version-history":[{"count":1,"href":"https:\/\/elconquistadorredloslagos.cl\/test\/wp-json\/wp\/v2\/posts\/3265\/revisions"}],"predecessor-version":[{"id":3269,"href":"https:\/\/elconquistadorredloslagos.cl\/test\/wp-json\/wp\/v2\/posts\/3265\/revisions\/3269"}],"wp:featuredmedia":[{"embeddable":true,"href":"https:\/\/elconquistadorredloslagos.cl\/test\/wp-json\/wp\/v2\/media\/3266"}],"wp:attachment":[{"href":"https:\/\/elconquistadorredloslagos.cl\/test\/wp-json\/wp\/v2\/media?parent=3265"}],"wp:term":[{"taxonomy":"category","embeddable":true,"href":"https:\/\/elconquistadorredloslagos.cl\/test\/wp-json\/wp\/v2\/categories?post=3265"},{"taxonomy":"post_tag","embeddable":true,"href":"https:\/\/elconquistadorredloslagos.cl\/test\/wp-json\/wp\/v2\/tags?post=3265"}],"curies":[{"name":"wp","href":"https:\/\/api.w.org\/{rel}","templated":true}]}}