{"id":2647,"date":"2024-09-03T17:25:45","date_gmt":"2024-09-03T21:25:45","guid":{"rendered":"https:\/\/elconquistadorredloslagos.cl\/test\/?p=2647"},"modified":"2024-09-03T17:25:45","modified_gmt":"2024-09-03T21:25:45","slug":"comision-aprobo-feriado-para-region-de-magallanes-y-provincia-de-chiloe","status":"publish","type":"post","link":"https:\/\/elconquistadorredloslagos.cl\/test\/blog\/2024\/09\/03\/comision-aprobo-feriado-para-region-de-magallanes-y-provincia-de-chiloe\/","title":{"rendered":"Comisi\u00f3n aprob\u00f3 feriado para regi\u00f3n de Magallanes y provincia de Chilo\u00e9"},"content":{"rendered":"\n<p>La Comisi\u00f3n de Gobierno Interior de la C\u00e1mara de Diputados aprob\u00f3, por unanimidad, el proyecto que declara feriado el 21 de septiembre de 2024 para la regi\u00f3n de Magallanes y para la provincia de Chilo\u00e9.<\/p>\n\n\n\n<p>El motivo de esta nueva festividad en estos territorios es la conmemoraci\u00f3n de la toma de posesi\u00f3n del Estrecho de Magallanes por la Goleta Ancud, en 1843. La propuesta original presentada por el gobierno establec\u00eda el feriado s\u00f3lo para la regi\u00f3n de Magallanes.<\/p>\n\n\n\n<p>Sin embargo, a trav\u00e9s de una indicaci\u00f3n, se incluy\u00f3 a la provincia de Chilo\u00e9, lo que fue valorado por representantes de ambos distritos y logr\u00f3 el respaldo un\u00e1nime de quienes integran la comisi\u00f3n.<\/p>\n\n\n\n<p>El proyecto despachado se deriv\u00f3 a la Comisi\u00f3n de Hacienda, previo a su tratamiento en la Sala, agendado, hasta ahora, para este mi\u00e9rcoles 4 de septiembre.<\/p>\n","protected":false},"excerpt":{"rendered":"<p>La Comisi\u00f3n de Gobierno Interior de la C\u00e1mara de Diputados aprob\u00f3, por unanimidad, el proyecto que declara feriado el 21 de septiembre de 2024 para la regi\u00f3n de Magallanes y..<\/p>\n","protected":false},"author":2,"featured_media":2648,"comment_status":"open","ping_status":"open","sticky":false,"template":"","format":"standard","meta":{"footnotes":""},"categories":[1,28],"tags":[],"class_list":["post-2647","post","type-post","status-publish","format-standard","has-post-thumbnail","hentry","category-acontecer","category-actual"],"rttpg_featured_image_url":{"full":["https:\/\/elconquistadorredloslagos.cl\/test\/wp-content\/uploads\/2024\/09\/Comision-gobierno-interior-feriados-regionales-2.jpg",800,534,false],"landscape":["https:\/\/elconquistadorredloslagos.cl\/test\/wp-content\/uploads\/2024\/09\/Comision-gobierno-interior-feriados-regionales-2.jpg",800,534,false],"portraits":["https:\/\/elconquistadorredloslagos.cl\/test\/wp-content\/uploads\/2024\/09\/Comision-gobierno-interior-feriados-regionales-2.jpg",800,534,false],"thumbnail":["https:\/\/elconquistadorredloslagos.cl\/test\/wp-content\/uploads\/2024\/09\/Comision-gobierno-interior-feriados-regionales-2-150x150.jpg",150,150,true],"medium":["https:\/\/elconquistadorredloslagos.cl\/test\/wp-content\/uploads\/2024\/09\/Comision-gobierno-interior-feriados-regionales-2-300x200.jpg",300,200,true],"large":["https:\/\/elconquistadorredloslagos.cl\/test\/wp-content\/uploads\/2024\/09\/Comision-gobierno-interior-feriados-regionales-2.jpg",800,534,false],"1536x1536":["https:\/\/elconquistadorredloslagos.cl\/test\/wp-content\/uploads\/2024\/09\/Comision-gobierno-interior-feriados-regionales-2.jpg",800,534,false],"2048x2048":["https:\/\/elconquistadorredloslagos.cl\/test\/wp-content\/uploads\/2024\/09\/Comision-gobierno-interior-feriados-regionales-2.jpg",800,534,false]},"rttpg_author":{"display_name":"ccardenas","author_link":"https:\/\/elconquistadorredloslagos.cl\/test\/blog\/author\/ccardenas\/"},"rttpg_comment":0,"rttpg_category":"<a href=\"https:\/\/elconquistadorredloslagos.cl\/test\/blog\/category\/actual\/acontecer\/\" rel=\"category tag\">Acontecer<\/a> <a href=\"https:\/\/elconquistadorredloslagos.cl\/test\/blog\/category\/actual\/\" rel=\"category tag\">Actualidad<\/a>","rttpg_excerpt":"La Comisi\u00f3n de Gobierno Interior de la C\u00e1mara de Diputados aprob\u00f3, por unanimidad, el proyecto que declara feriado el 21 de septiembre de 2024 para la regi\u00f3n de Magallanes y..","_links":{"self":[{"href":"https:\/\/elconquistadorredloslagos.cl\/test\/wp-json\/wp\/v2\/posts\/2647","targetHints":{"allow":["GET"]}}],"collection":[{"href":"https:\/\/elconquistadorredloslagos.cl\/test\/wp-json\/wp\/v2\/posts"}],"about":[{"href":"https:\/\/elconquistadorredloslagos.cl\/test\/wp-json\/wp\/v2\/types\/post"}],"author":[{"embeddable":true,"href":"https:\/\/elconquistadorredloslagos.cl\/test\/wp-json\/wp\/v2\/users\/2"}],"replies":[{"embeddable":true,"href":"https:\/\/elconquistadorredloslagos.cl\/test\/wp-json\/wp\/v2\/comments?post=2647"}],"version-history":[{"count":1,"href":"https:\/\/elconquistadorredloslagos.cl\/test\/wp-json\/wp\/v2\/posts\/2647\/revisions"}],"predecessor-version":[{"id":2649,"href":"https:\/\/elconquistadorredloslagos.cl\/test\/wp-json\/wp\/v2\/posts\/2647\/revisions\/2649"}],"wp:featuredmedia":[{"embeddable":true,"href":"https:\/\/elconquistadorredloslagos.cl\/test\/wp-json\/wp\/v2\/media\/2648"}],"wp:attachment":[{"href":"https:\/\/elconquistadorredloslagos.cl\/test\/wp-json\/wp\/v2\/media?parent=2647"}],"wp:term":[{"taxonomy":"category","embeddable":true,"href":"https:\/\/elconquistadorredloslagos.cl\/test\/wp-json\/wp\/v2\/categories?post=2647"},{"taxonomy":"post_tag","embeddable":true,"href":"https:\/\/elconquistadorredloslagos.cl\/test\/wp-json\/wp\/v2\/tags?post=2647"}],"curies":[{"name":"wp","href":"https:\/\/api.w.org\/{rel}","templated":true}]}}