{"id":2641,"date":"2024-09-03T10:36:32","date_gmt":"2024-09-03T14:36:32","guid":{"rendered":"https:\/\/elconquistadorredloslagos.cl\/test\/?p=2641"},"modified":"2024-09-03T17:47:11","modified_gmt":"2024-09-03T21:47:11","slug":"incendio-destruye-completamente-una-vivienda-y-deja-6-personas-damnificadas-en-ancud","status":"publish","type":"post","link":"https:\/\/elconquistadorredloslagos.cl\/test\/blog\/2024\/09\/03\/incendio-destruye-completamente-una-vivienda-y-deja-6-personas-damnificadas-en-ancud\/","title":{"rendered":"Incendio destruye completamente una vivienda y deja 6 personas damnificadas en Ancud"},"content":{"rendered":"\n<p>Un dantesco incendio moviliz\u00f3 en las \u00faltimas horas al Cuerpo de Bombeos en la ciudad de Ancud, teniendo como punto de referencia la avenida Pac\u00edfico en la poblaci\u00f3n Villa Esperanza.<\/p>\n\n\n\n<p>El llamado de comandancia se produjo a eso de las 21.00 horas de este lunes, una vez que la central bomberil&nbsp; fue informada v\u00eda telef\u00f3nica de un siniestro que compromet\u00eda espec\u00edficamente a dos viviendas.<\/p>\n\n\n\n<p>El comandante de la instituci\u00f3n bomberil, Eduardo D\u00edaz, entreg\u00f3 detalles de la emergencia. <\/p>\n\n\n\n<figure class=\"wp-block-audio\"><audio controls src=\"https:\/\/elconquistadorredloslagos.cl\/test\/wp-content\/uploads\/2024\/09\/EduardoDiaz.mp3\"><\/audio><\/figure>\n\n\n\n<p>Las causas de la emergencia est\u00e1s ser\u00e1n parte de la investigaci\u00f3n que efect\u00faa los peritos del Departamento de Estudios T\u00e9cnicos de Bomberos (DET). Carabineros levant\u00f3 los antecedentes para remitirlos a la Fiscal\u00eda.<\/p>\n","protected":false},"excerpt":{"rendered":"<p>Un dantesco incendio moviliz\u00f3 en las \u00faltimas horas al Cuerpo de Bombeos en la ciudad de Ancud, teniendo como punto de referencia la avenida Pac\u00edfico en la poblaci\u00f3n Villa Esperanza&#8230;<\/p>\n","protected":false},"author":2,"featured_media":2642,"comment_status":"open","ping_status":"open","sticky":false,"template":"","format":"standard","meta":{"footnotes":""},"categories":[28],"tags":[],"class_list":["post-2641","post","type-post","status-publish","format-standard","has-post-thumbnail","hentry","category-actual"],"rttpg_featured_image_url":{"full":["https:\/\/elconquistadorredloslagos.cl\/test\/wp-content\/uploads\/2024\/09\/Incendio.jpg",1080,617,false],"landscape":["https:\/\/elconquistadorredloslagos.cl\/test\/wp-content\/uploads\/2024\/09\/Incendio.jpg",1080,617,false],"portraits":["https:\/\/elconquistadorredloslagos.cl\/test\/wp-content\/uploads\/2024\/09\/Incendio.jpg",1080,617,false],"thumbnail":["https:\/\/elconquistadorredloslagos.cl\/test\/wp-content\/uploads\/2024\/09\/Incendio-150x150.jpg",150,150,true],"medium":["https:\/\/elconquistadorredloslagos.cl\/test\/wp-content\/uploads\/2024\/09\/Incendio-300x171.jpg",300,171,true],"large":["https:\/\/elconquistadorredloslagos.cl\/test\/wp-content\/uploads\/2024\/09\/Incendio-1024x585.jpg",1024,585,true],"1536x1536":["https:\/\/elconquistadorredloslagos.cl\/test\/wp-content\/uploads\/2024\/09\/Incendio.jpg",1080,617,false],"2048x2048":["https:\/\/elconquistadorredloslagos.cl\/test\/wp-content\/uploads\/2024\/09\/Incendio.jpg",1080,617,false]},"rttpg_author":{"display_name":"ccardenas","author_link":"https:\/\/elconquistadorredloslagos.cl\/test\/blog\/author\/ccardenas\/"},"rttpg_comment":1,"rttpg_category":"<a href=\"https:\/\/elconquistadorredloslagos.cl\/test\/blog\/category\/actual\/\" rel=\"category tag\">Actualidad<\/a>","rttpg_excerpt":"Un dantesco incendio moviliz\u00f3 en las \u00faltimas horas al Cuerpo de Bombeos en la ciudad de Ancud, teniendo como punto de referencia la avenida Pac\u00edfico en la poblaci\u00f3n Villa Esperanza...","_links":{"self":[{"href":"https:\/\/elconquistadorredloslagos.cl\/test\/wp-json\/wp\/v2\/posts\/2641","targetHints":{"allow":["GET"]}}],"collection":[{"href":"https:\/\/elconquistadorredloslagos.cl\/test\/wp-json\/wp\/v2\/posts"}],"about":[{"href":"https:\/\/elconquistadorredloslagos.cl\/test\/wp-json\/wp\/v2\/types\/post"}],"author":[{"embeddable":true,"href":"https:\/\/elconquistadorredloslagos.cl\/test\/wp-json\/wp\/v2\/users\/2"}],"replies":[{"embeddable":true,"href":"https:\/\/elconquistadorredloslagos.cl\/test\/wp-json\/wp\/v2\/comments?post=2641"}],"version-history":[{"count":1,"href":"https:\/\/elconquistadorredloslagos.cl\/test\/wp-json\/wp\/v2\/posts\/2641\/revisions"}],"predecessor-version":[{"id":2644,"href":"https:\/\/elconquistadorredloslagos.cl\/test\/wp-json\/wp\/v2\/posts\/2641\/revisions\/2644"}],"wp:featuredmedia":[{"embeddable":true,"href":"https:\/\/elconquistadorredloslagos.cl\/test\/wp-json\/wp\/v2\/media\/2642"}],"wp:attachment":[{"href":"https:\/\/elconquistadorredloslagos.cl\/test\/wp-json\/wp\/v2\/media?parent=2641"}],"wp:term":[{"taxonomy":"category","embeddable":true,"href":"https:\/\/elconquistadorredloslagos.cl\/test\/wp-json\/wp\/v2\/categories?post=2641"},{"taxonomy":"post_tag","embeddable":true,"href":"https:\/\/elconquistadorredloslagos.cl\/test\/wp-json\/wp\/v2\/tags?post=2641"}],"curies":[{"name":"wp","href":"https:\/\/api.w.org\/{rel}","templated":true}]}}