{"id":2637,"date":"2024-09-02T19:30:30","date_gmt":"2024-09-02T23:30:30","guid":{"rendered":"https:\/\/elconquistadorredloslagos.cl\/test\/?p=2637"},"modified":"2024-09-02T19:30:31","modified_gmt":"2024-09-02T23:30:31","slug":"miles-de-viajes-se-proyectan-para-el-fin-de-semana-de-fiestas-patrias-en-los-lagos","status":"publish","type":"post","link":"https:\/\/elconquistadorredloslagos.cl\/test\/blog\/2024\/09\/02\/miles-de-viajes-se-proyectan-para-el-fin-de-semana-de-fiestas-patrias-en-los-lagos\/","title":{"rendered":"Miles de viajes se proyectan para el fin de semana de Fiestas Patrias en Los Lagos"},"content":{"rendered":"\n<p>A nivel local y de acuerdo con los datos entregados por la Unidad de Estudios y Estad\u00edsticas de Sernatur y la Subsecretar\u00eda de Turismo, la directora regional de Sernatur Claudia Renedo, indic\u00f3 que la Regi\u00f3n de Los Lagos se ubica en el sexto lugar entre las regiones que m\u00e1s generar\u00e1n salidas de turistas o regiones emisoras, contemplando unos 100.700 a 121.00 viajes, lo que implica un 4,9% de todas las salidas proyectadas a nivel pa\u00eds. En ese marco, las comunas respecto de las que se espera una mayor emisi\u00f3n son: Puerto Montt con unos 38.500 a 46.500 viajes; Osorno, con entre 22.000 y 27.000; Puerto Varas con entre 5.700 y 6.800; y Castro, con unas 4.200 a 5.100 salidas (ver tabla anexa).<\/p>\n\n\n\n<p>En tanto, como destino receptor de viajeros, Los Lagos se ubica como la novena regi\u00f3n que m\u00e1s visitas se proyecta que reciba, con cifras que ir\u00e1n entre los 97.500 y los 117.745 viajes, significando un 4,8% del total nacional.<\/p>\n\n\n\n<p>En el desglose de estas cifras, las comunas que m\u00e1s viajeros recibir\u00e1n ser\u00e1n tambi\u00e9n Puerto Montt con 12.200 a 14.700 viajes; Osorno con 11.800 a 14.300; Puerto Varas con entre 8.400 a 10.100; y San Juan de la Costa con la estimaci\u00f3n de unos\u00a07.100 a 8.600 arribos (ver tabla anexa).<\/p>\n","protected":false},"excerpt":{"rendered":"<p>A nivel local y de acuerdo con los datos entregados por la Unidad de Estudios y Estad\u00edsticas de Sernatur y la Subsecretar\u00eda de Turismo, la directora regional de Sernatur Claudia..<\/p>\n","protected":false},"author":2,"featured_media":2638,"comment_status":"open","ping_status":"open","sticky":false,"template":"","format":"standard","meta":{"footnotes":""},"categories":[28],"tags":[],"class_list":["post-2637","post","type-post","status-publish","format-standard","has-post-thumbnail","hentry","category-actual"],"rttpg_featured_image_url":{"full":["https:\/\/elconquistadorredloslagos.cl\/test\/wp-content\/uploads\/2024\/09\/FIESTA-DE-LA-CHILENIDAD.jpg",1280,591,false],"landscape":["https:\/\/elconquistadorredloslagos.cl\/test\/wp-content\/uploads\/2024\/09\/FIESTA-DE-LA-CHILENIDAD.jpg",1280,591,false],"portraits":["https:\/\/elconquistadorredloslagos.cl\/test\/wp-content\/uploads\/2024\/09\/FIESTA-DE-LA-CHILENIDAD.jpg",1280,591,false],"thumbnail":["https:\/\/elconquistadorredloslagos.cl\/test\/wp-content\/uploads\/2024\/09\/FIESTA-DE-LA-CHILENIDAD-150x150.jpg",150,150,true],"medium":["https:\/\/elconquistadorredloslagos.cl\/test\/wp-content\/uploads\/2024\/09\/FIESTA-DE-LA-CHILENIDAD-300x139.jpg",300,139,true],"large":["https:\/\/elconquistadorredloslagos.cl\/test\/wp-content\/uploads\/2024\/09\/FIESTA-DE-LA-CHILENIDAD-1024x473.jpg",1024,473,true],"1536x1536":["https:\/\/elconquistadorredloslagos.cl\/test\/wp-content\/uploads\/2024\/09\/FIESTA-DE-LA-CHILENIDAD.jpg",1280,591,false],"2048x2048":["https:\/\/elconquistadorredloslagos.cl\/test\/wp-content\/uploads\/2024\/09\/FIESTA-DE-LA-CHILENIDAD.jpg",1280,591,false]},"rttpg_author":{"display_name":"ccardenas","author_link":"https:\/\/elconquistadorredloslagos.cl\/test\/blog\/author\/ccardenas\/"},"rttpg_comment":1,"rttpg_category":"<a href=\"https:\/\/elconquistadorredloslagos.cl\/test\/blog\/category\/actual\/\" rel=\"category tag\">Actualidad<\/a>","rttpg_excerpt":"A nivel local y de acuerdo con los datos entregados por la Unidad de Estudios y Estad\u00edsticas de Sernatur y la Subsecretar\u00eda de Turismo, la directora regional de Sernatur Claudia..","_links":{"self":[{"href":"https:\/\/elconquistadorredloslagos.cl\/test\/wp-json\/wp\/v2\/posts\/2637","targetHints":{"allow":["GET"]}}],"collection":[{"href":"https:\/\/elconquistadorredloslagos.cl\/test\/wp-json\/wp\/v2\/posts"}],"about":[{"href":"https:\/\/elconquistadorredloslagos.cl\/test\/wp-json\/wp\/v2\/types\/post"}],"author":[{"embeddable":true,"href":"https:\/\/elconquistadorredloslagos.cl\/test\/wp-json\/wp\/v2\/users\/2"}],"replies":[{"embeddable":true,"href":"https:\/\/elconquistadorredloslagos.cl\/test\/wp-json\/wp\/v2\/comments?post=2637"}],"version-history":[{"count":1,"href":"https:\/\/elconquistadorredloslagos.cl\/test\/wp-json\/wp\/v2\/posts\/2637\/revisions"}],"predecessor-version":[{"id":2639,"href":"https:\/\/elconquistadorredloslagos.cl\/test\/wp-json\/wp\/v2\/posts\/2637\/revisions\/2639"}],"wp:featuredmedia":[{"embeddable":true,"href":"https:\/\/elconquistadorredloslagos.cl\/test\/wp-json\/wp\/v2\/media\/2638"}],"wp:attachment":[{"href":"https:\/\/elconquistadorredloslagos.cl\/test\/wp-json\/wp\/v2\/media?parent=2637"}],"wp:term":[{"taxonomy":"category","embeddable":true,"href":"https:\/\/elconquistadorredloslagos.cl\/test\/wp-json\/wp\/v2\/categories?post=2637"},{"taxonomy":"post_tag","embeddable":true,"href":"https:\/\/elconquistadorredloslagos.cl\/test\/wp-json\/wp\/v2\/tags?post=2637"}],"curies":[{"name":"wp","href":"https:\/\/api.w.org\/{rel}","templated":true}]}}